{"id":228878,"date":"2025-09-05T22:36:10","date_gmt":"2025-09-06T05:36:10","guid":{"rendered":"https:\/\/rnoticias.com.mx\/Portal\/?p=228878"},"modified":"2025-09-05T22:36:10","modified_gmt":"2025-09-06T05:36:10","slug":"arturo-elias-ayub-clausura-mexico-siglo-xxi-2025","status":"publish","type":"post","link":"https:\/\/rnoticias.com.mx\/Portal\/2025\/09\/05\/arturo-elias-ayub-clausura-mexico-siglo-xxi-2025\/","title":{"rendered":"Arturo El\u00edas Ayub clausura M\u00e9xico Siglo XXI 2025"},"content":{"rendered":"<p>Ciudad de M\u00e9xico, 5 de septiembre del 2025. El Auditorio Nacional se convirti\u00f3 en el epicentro de la inspiraci\u00f3n juvenil este viernes 5 de septiembre con la emotiva clausura de M\u00e9xico Siglo XXI 2025, el evento anual de la Fundaci\u00f3n TELMEX Telcel.<\/p>\n<p>&nbsp;<\/p>\n<p>Bajo el lema \u201cMentes que iluminan el futuro\u201d, miles de becarios vivieron una jornada inolvidable, cargada de emociones, aprendizajes y mensajes que dejaron huella.<\/p>\n<p>&nbsp;<\/p>\n<p>Un cierre inesperado: Serena Williams y Arturo El\u00edas, cara a cara en la cancha\u2026 del escenario<\/p>\n<p>&nbsp;<\/p>\n<p>Uno de los momentos m\u00e1s memorables del evento fue protagonizado por el director general de la Fundaci\u00f3n TELMEX Telcel, Arturo El\u00edas Ayub, quien cerr\u00f3 el evento acompa\u00f1ado por la leyenda del tenis mundial, Serena Williams. Lo que comenz\u00f3 como una charla de reconocimiento a su trayectoria, se transform\u00f3 en un improvisado y divertido partido de tenis sobre el escenario del Auditorio Nacional.<\/p>\n<p>&nbsp;<\/p>\n<p>A pesar de estar en tacones, Serena volvi\u00f3 a demostrar por qu\u00e9 es considerada una de las m\u00e1s grandes atletas de la historia. La interacci\u00f3n con El\u00edas Ayub arranc\u00f3 risas, aplausos y se convirti\u00f3 en uno de los momentos m\u00e1s virales del evento.<\/p>\n<p>&nbsp;<\/p>\n<p>Un abrazo que uni\u00f3 a miles<\/p>\n<p>&nbsp;<\/p>\n<p>En un gesto simb\u00f3lico de fraternidad, Arturo El\u00edas invit\u00f3 a los asistentes a formar \u201cel abrazo m\u00e1s grande del mundo\u201d. El Auditorio se llen\u00f3 de afecto, creando un momento \u00fanico de conexi\u00f3n entre todos los presentes.<\/p>\n<p>&nbsp;<\/p>\n<p>Un mensaje que toc\u00f3 corazones<\/p>\n<p>&nbsp;<\/p>\n<p>Durante su emotivo discurso de clausura, Arturo El\u00edas record\u00f3 una frase del ingeniero Carlos Slim Hel\u00fa: \u201cLo m\u00e1s importante es ser buenas personas\u201d. Subray\u00f3 que los valores no se negocian, y llam\u00f3 a los j\u00f3venes a priorizar lo verdaderamente esencial: la familia, la honestidad y la amistad.<\/p>\n<p>&nbsp;<\/p>\n<p>\u201cSoy un loco enamorado de M\u00e9xico, y estoy seguro de que ustedes tambi\u00e9n lo son\u201d, dijo, recibiendo una ovaci\u00f3n. Tambi\u00e9n habl\u00f3 sobre la importancia de enfrentar momentos dif\u00edciles y de rodearse de personas que nos impulsen a seguir. En un gesto personal, agradeci\u00f3 a su esposa, Johanna Slim, por su apoyo incondicional.<\/p>\n<p>&nbsp;<\/p>\n<p>Para cerrar con broche de oro, pidi\u00f3 a los asistentes encender las luces de sus celulares, iluminando el Auditorio completamente a oscuras. \u201cNo podemos iluminar el futuro si no nos iluminamos entre nosotros\u201d, concluy\u00f3, provocando un aplauso de pie.<\/p>\n<p>&nbsp;<\/p>\n<p>Voces que dejaron huella<\/p>\n<p>&nbsp;<\/p>\n<p>La jornada cont\u00f3 con la participaci\u00f3n de figuras internacionales como la reina Rania de Jordania, la investigadora en IA Joy Buolamwini, la Premio Nobel Rigoberta Mench\u00fa y la reconocida psiquiatra Marian Rojas Estap\u00e9. Adem\u00e1s, el actor Kevin Costner comparti\u00f3 reflexiones sobre su carrera en Hollywood.<\/p>\n<p>&nbsp;<\/p>\n<p>M\u00e9xico Siglo XXI 2025 cerr\u00f3 como una edici\u00f3n inolvidable, reafirmando su prop\u00f3sito: motivar, guiar y empoderar a una nueva generaci\u00f3n de l\u00edderes mexicanos que est\u00e1n listos para iluminar el futuro.<\/p>\n","protected":false},"excerpt":{"rendered":"<p>Ciudad de M\u00e9xico, 5 de septiembre del 2025. El Auditorio Nacional se convirti\u00f3 en el epicentro de la inspiraci\u00f3n juvenil este viernes 5 de septiembre con la emotiva clausura de M\u00e9xico Siglo XXI 2025, el evento anual de la Fundaci\u00f3n TELMEX Telcel. &nbsp; Bajo el lema \u201cMentes que iluminan el futuro\u201d, miles de becarios vivieron [&hellip;]<\/p>\n","protected":false},"author":2,"featured_media":228879,"comment_status":"closed","ping_status":"closed","sticky":false,"template":"","format":"standard","meta":{"footnotes":""},"categories":[12870,172],"tags":[12865,12874],"class_list":["post-228878","post","type-post","status-publish","format-standard","has-post-thumbnail","hentry","category-destacadas","category-nacional","tag-destacadas","tag-nacional"],"jetpack_featured_media_url":"https:\/\/rnoticias.com.mx\/Portal\/wp-content\/uploads\/2025\/09\/arturo-cita1-204511-1024x576-1.jpg","amp_enabled":true,"_links":{"self":[{"href":"https:\/\/rnoticias.com.mx\/Portal\/wp-json\/wp\/v2\/posts\/228878","targetHints":{"allow":["GET"]}}],"collection":[{"href":"https:\/\/rnoticias.com.mx\/Portal\/wp-json\/wp\/v2\/posts"}],"about":[{"href":"https:\/\/rnoticias.com.mx\/Portal\/wp-json\/wp\/v2\/types\/post"}],"author":[{"embeddable":true,"href":"https:\/\/rnoticias.com.mx\/Portal\/wp-json\/wp\/v2\/users\/2"}],"replies":[{"embeddable":true,"href":"https:\/\/rnoticias.com.mx\/Portal\/wp-json\/wp\/v2\/comments?post=228878"}],"version-history":[{"count":1,"href":"https:\/\/rnoticias.com.mx\/Portal\/wp-json\/wp\/v2\/posts\/228878\/revisions"}],"predecessor-version":[{"id":228880,"href":"https:\/\/rnoticias.com.mx\/Portal\/wp-json\/wp\/v2\/posts\/228878\/revisions\/228880"}],"wp:featuredmedia":[{"embeddable":true,"href":"https:\/\/rnoticias.com.mx\/Portal\/wp-json\/wp\/v2\/media\/228879"}],"wp:attachment":[{"href":"https:\/\/rnoticias.com.mx\/Portal\/wp-json\/wp\/v2\/media?parent=228878"}],"wp:term":[{"taxonomy":"category","embeddable":true,"href":"https:\/\/rnoticias.com.mx\/Portal\/wp-json\/wp\/v2\/categories?post=228878"},{"taxonomy":"post_tag","embeddable":true,"href":"https:\/\/rnoticias.com.mx\/Portal\/wp-json\/wp\/v2\/tags?post=228878"}],"curies":[{"name":"wp","href":"https:\/\/api.w.org\/{rel}","templated":true}]}}