{"id":228869,"date":"2025-09-05T22:02:07","date_gmt":"2025-09-06T05:02:07","guid":{"rendered":"https:\/\/rnoticias.com.mx\/Portal\/?p=228869"},"modified":"2025-09-05T22:02:07","modified_gmt":"2025-09-06T05:02:07","slug":"mantiene-ayuntamiento-de-hermosillo-coordinacion-ante-remanente-del-huracan-lorena-en-bahia-de-kino","status":"publish","type":"post","link":"https:\/\/rnoticias.com.mx\/Portal\/2025\/09\/05\/mantiene-ayuntamiento-de-hermosillo-coordinacion-ante-remanente-del-huracan-lorena-en-bahia-de-kino\/","title":{"rendered":"Mantiene Ayuntamiento de Hermosillo coordinaci\u00f3n ante remanente del hurac\u00e1n Lorena en Bah\u00eda de Kino"},"content":{"rendered":"<p>Hermosillo, Sonora; 5 de septiembre, 2025.- Ante el remanente del hurac\u00e1n Lorena cuyas acumulaciones en Bah\u00eda de Kino alcanzaron los 60.45 mm, el Ayuntamiento de Hermosillo a trav\u00e9s de sus dependencias coordinan acciones para atender las posibles afectaciones y reportes ciudadanos que se registren.<\/p>\n<p>El Secretario del Ayuntamiento, Eduardo Alejo Acu\u00f1a Padilla, inform\u00f3 que la Comisar\u00eda de Bah\u00eda de Kino, Departamento de Bomberos, Protecci\u00f3n Civil y Servicios P\u00fablicos Municipales mantienen recorridos de prevenci\u00f3n para atender emergencias que se llegasen a suscitar.<\/p>\n<p>Como medida de protecci\u00f3n, autoridades municipales activaron el albergue temporal en la Secundaria Ferm\u00edn Trujillo, ubicada en Kino y Carretera 100, para resguardar a las familias que lo requieran.<\/p>\n<p>\u201cActualmente se est\u00e1n haciendo recorridos en las colonias vulnerables a inundaciones donde se han encontrado numerosos encharcamientos\u201d, agreg\u00f3.<\/p>\n<p>En el recorrido de prevenci\u00f3n de da\u00f1os se detect\u00f3 el derrumbe de un carril de circulaci\u00f3n en la Mar de Cortez y Alejandr\u00eda procediendo a se\u00f1alizar debidamente el lugar y dando parte a las instancias correspondientes.<\/p>\n<p>De acuerdo con el pron\u00f3stico, se esperan lluvias intensas de entre 75 mm y 150 mm para el fin de semana en el oeste y sur de Sonora, por lo que el Ayuntamiento de Hermosillo exhorta a la poblaci\u00f3n a evitar traslados a Bah\u00eda de Kino durante estos d\u00edas.<\/p>\n<p>Dependencias como la Comisar\u00eda de Bah\u00eda de Kino, Departamento de Bomberos de Hermosillo, Jefatura de Polic\u00eda Preventiva y Tr\u00e1nsito Municipal, Direcci\u00f3n General de Desarrollo de Infraestructura, Coordinaci\u00f3n Municipal de Protecci\u00f3n Civil, Agua de Hermosillo y Servicios P\u00fablicos Municipales, son algunas de las que trabajan en estrecha coordinaci\u00f3n para salvaguardar la seguridad de las familias.<\/p>\n<p>El Gobierno Municipal permanece en alerta y en comunicaci\u00f3n constante con autoridades estatales y federales para garantizar la protecci\u00f3n de la ciudadan\u00eda ante los efectos que pudiera ocasionar este fen\u00f3meno meteorol\u00f3gico.<\/p>\n","protected":false},"excerpt":{"rendered":"<p>Hermosillo, Sonora; 5 de septiembre, 2025.- Ante el remanente del hurac\u00e1n Lorena cuyas acumulaciones en Bah\u00eda de Kino alcanzaron los 60.45 mm, el Ayuntamiento de Hermosillo a trav\u00e9s de sus dependencias coordinan acciones para atender las posibles afectaciones y reportes ciudadanos que se registren. El Secretario del Ayuntamiento, Eduardo Alejo Acu\u00f1a Padilla, inform\u00f3 que la [&hellip;]<\/p>\n","protected":false},"author":2,"featured_media":228870,"comment_status":"closed","ping_status":"closed","sticky":false,"template":"","format":"standard","meta":{"footnotes":""},"categories":[12870,178],"tags":[12865,12869],"class_list":["post-228869","post","type-post","status-publish","format-standard","has-post-thumbnail","hentry","category-destacadas","category-local","tag-destacadas","tag-local"],"jetpack_featured_media_url":"https:\/\/rnoticias.com.mx\/Portal\/wp-content\/uploads\/2025\/09\/1a1e9c8d-20e7-4434-ab88-c15bea3ca2c3.jpg","amp_enabled":true,"_links":{"self":[{"href":"https:\/\/rnoticias.com.mx\/Portal\/wp-json\/wp\/v2\/posts\/228869","targetHints":{"allow":["GET"]}}],"collection":[{"href":"https:\/\/rnoticias.com.mx\/Portal\/wp-json\/wp\/v2\/posts"}],"about":[{"href":"https:\/\/rnoticias.com.mx\/Portal\/wp-json\/wp\/v2\/types\/post"}],"author":[{"embeddable":true,"href":"https:\/\/rnoticias.com.mx\/Portal\/wp-json\/wp\/v2\/users\/2"}],"replies":[{"embeddable":true,"href":"https:\/\/rnoticias.com.mx\/Portal\/wp-json\/wp\/v2\/comments?post=228869"}],"version-history":[{"count":1,"href":"https:\/\/rnoticias.com.mx\/Portal\/wp-json\/wp\/v2\/posts\/228869\/revisions"}],"predecessor-version":[{"id":228871,"href":"https:\/\/rnoticias.com.mx\/Portal\/wp-json\/wp\/v2\/posts\/228869\/revisions\/228871"}],"wp:featuredmedia":[{"embeddable":true,"href":"https:\/\/rnoticias.com.mx\/Portal\/wp-json\/wp\/v2\/media\/228870"}],"wp:attachment":[{"href":"https:\/\/rnoticias.com.mx\/Portal\/wp-json\/wp\/v2\/media?parent=228869"}],"wp:term":[{"taxonomy":"category","embeddable":true,"href":"https:\/\/rnoticias.com.mx\/Portal\/wp-json\/wp\/v2\/categories?post=228869"},{"taxonomy":"post_tag","embeddable":true,"href":"https:\/\/rnoticias.com.mx\/Portal\/wp-json\/wp\/v2\/tags?post=228869"}],"curies":[{"name":"wp","href":"https:\/\/api.w.org\/{rel}","templated":true}]}}