{"id":228863,"date":"2025-09-05T16:50:26","date_gmt":"2025-09-05T23:50:26","guid":{"rendered":"https:\/\/rnoticias.com.mx\/Portal\/?p=228863"},"modified":"2025-09-05T16:50:26","modified_gmt":"2025-09-05T23:50:26","slug":"kevin-costner-en-mexico-siglo-xxi-un-encuentro-que-inspira-desde-el-corazon","status":"publish","type":"post","link":"https:\/\/rnoticias.com.mx\/Portal\/2025\/09\/05\/kevin-costner-en-mexico-siglo-xxi-un-encuentro-que-inspira-desde-el-corazon\/","title":{"rendered":"Kevin Costner en M\u00e9xico Siglo XXI: Un Encuentro que Inspira desde el Coraz\u00f3n"},"content":{"rendered":"<p>Ciudad de M\u00e9xico a 5 de septiembre del 2025. En una noche inolvidable en el Auditorio Nacional, el reconocido actor y director Kevin Costner rompi\u00f3 las barreras entre la pantalla y la realidad para conectar de manera profunda con los j\u00f3venes becarios reunidos en el evento M\u00e9xico Siglo XXI, impulsado por Fundaci\u00f3n Telmex.<\/p>\n<p>&nbsp;<\/p>\n<p>M\u00e1s que una simple aparici\u00f3n, fue un encuentro lleno de emociones y un llamado sincero a seguir la voz interior que gu\u00eda a cada persona hacia su destino.<\/p>\n<p>&nbsp;<\/p>\n<p>Costner no lleg\u00f3 para dar un discurso preparado, sino para compartir pedazos de su vida, de esas experiencias que forman el camino hacia los sue\u00f1os. Su presencia entre el p\u00fablico fue un gesto humilde y cercano, un acto que sorprendi\u00f3 y emocion\u00f3 a todos los asistentes.<\/p>\n<p>&nbsp;<\/p>\n<p>Agradeci\u00f3 con sencillez el cari\u00f1o del p\u00fablico que ha acompa\u00f1ado su carrera, pero pronto llev\u00f3 la conversaci\u00f3n a un terreno mucho m\u00e1s profundo: la importancia de escuchar el latido propio, esa voz interna que muchas veces se pierde entre las dudas y el ruido del mundo.<\/p>\n<p>&nbsp;<\/p>\n<p>\u201cNo siempre fui un estudiante ejemplar ni tuve claro mi futuro desde el principio\u201d, confes\u00f3.<\/p>\n<p>&nbsp;<\/p>\n<p>Sin embargo, ese no saber lo llev\u00f3 a explorar distintos caminos, desde trabajos humildes hasta clases de piano y peque\u00f1os papeles en obras escolares, hasta que descubri\u00f3 su verdadera pasi\u00f3n: contar historias. Fue ese acto de valent\u00eda arriesgar lo seguro para perseguir lo que amaba lo que lo condujo a convertirse en una de las figuras m\u00e1s admiradas del cine y la televisi\u00f3n.<\/p>\n<p>&nbsp;<\/p>\n<p>Pero Kevin no habl\u00f3 solo de fama o \u00e9xito profesional. Resalt\u00f3 que su vida se define por sus relaciones, sus valores y su compromiso con causas que trascienden la pantalla. Como padre y amigo, reconoce que la familia es el motor m\u00e1s poderoso. Adem\u00e1s, comparti\u00f3 su firme compromiso con el cuidado del medio ambiente, motivado por un derrame de petr\u00f3leo que presenci\u00f3 en su infancia.<\/p>\n<p>&nbsp;<\/p>\n<p>Aquella experiencia lo impuls\u00f3 a invertir en soluciones para proteger nuestros oc\u00e9anos, una decisi\u00f3n tomada desde el coraz\u00f3n, sin importar las cr\u00edticas o dudas externas.<\/p>\n<p>&nbsp;<\/p>\n<p>Adem\u00e1s, revel\u00f3 el proceso detr\u00e1s del \u00e9xito de la serie \u201cYellowstone\u201d, una apuesta que muchos dudaron pero que \u00e9l crey\u00f3 porque confi\u00f3 en su instinto. Su mensaje fue claro: el camino hacia las metas nunca est\u00e1 libre de obst\u00e1culos, pero la clave est\u00e1 en escuchar esa voz interna y no dejarse vencer por el escepticismo.<\/p>\n<p>&nbsp;<\/p>\n<p>Al concluir su intervenci\u00f3n, Kevin Costner dej\u00f3 una frase que reson\u00f3 con fuerza en todos los presentes: \u201cLa vida no siempre es f\u00e1cil, pero es fant\u00e1stica\u201d.<\/p>\n<p>&nbsp;<\/p>\n<p>Un recordatorio que, a pesar de los desaf\u00edos, el camino vale la pena cuando se sigue el llamado del coraz\u00f3n.<\/p>\n<p>&nbsp;<\/p>\n<p>Finalmente, expres\u00f3 su gratitud hacia Carlos Slim y Fundaci\u00f3n Telmex-Telcel por su dedicaci\u00f3n en apoyar a miles de j\u00f3venes en M\u00e9xico, fortaleciendo comunidades y sembrando esperanza.<\/p>\n<p>&nbsp;<\/p>\n<p>Este encuentro fue mucho m\u00e1s que una charla; fue un llamado a creer en uno mismo, a atreverse a so\u00f1ar y a actuar con el coraz\u00f3n. Porque, al final del d\u00eda, es ese latido interior el que nos gu\u00eda hacia un futuro lleno de sentido y realizaci\u00f3n.<\/p>\n<p>&nbsp;<\/p>\n","protected":false},"excerpt":{"rendered":"<p>Ciudad de M\u00e9xico a 5 de septiembre del 2025. En una noche inolvidable en el Auditorio Nacional, el reconocido actor y director Kevin Costner rompi\u00f3 las barreras entre la pantalla y la realidad para conectar de manera profunda con los j\u00f3venes becarios reunidos en el evento M\u00e9xico Siglo XXI, impulsado por Fundaci\u00f3n Telmex. &nbsp; M\u00e1s [&hellip;]<\/p>\n","protected":false},"author":2,"featured_media":228864,"comment_status":"closed","ping_status":"closed","sticky":false,"template":"","format":"standard","meta":{"footnotes":""},"categories":[12870,172],"tags":[12865,12874],"class_list":["post-228863","post","type-post","status-publish","format-standard","has-post-thumbnail","hentry","category-destacadas","category-nacional","tag-destacadas","tag-nacional"],"jetpack_featured_media_url":"https:\/\/rnoticias.com.mx\/Portal\/wp-content\/uploads\/2025\/09\/kevin-costner-171148-300x169-1.jpg","amp_enabled":true,"_links":{"self":[{"href":"https:\/\/rnoticias.com.mx\/Portal\/wp-json\/wp\/v2\/posts\/228863","targetHints":{"allow":["GET"]}}],"collection":[{"href":"https:\/\/rnoticias.com.mx\/Portal\/wp-json\/wp\/v2\/posts"}],"about":[{"href":"https:\/\/rnoticias.com.mx\/Portal\/wp-json\/wp\/v2\/types\/post"}],"author":[{"embeddable":true,"href":"https:\/\/rnoticias.com.mx\/Portal\/wp-json\/wp\/v2\/users\/2"}],"replies":[{"embeddable":true,"href":"https:\/\/rnoticias.com.mx\/Portal\/wp-json\/wp\/v2\/comments?post=228863"}],"version-history":[{"count":1,"href":"https:\/\/rnoticias.com.mx\/Portal\/wp-json\/wp\/v2\/posts\/228863\/revisions"}],"predecessor-version":[{"id":228865,"href":"https:\/\/rnoticias.com.mx\/Portal\/wp-json\/wp\/v2\/posts\/228863\/revisions\/228865"}],"wp:featuredmedia":[{"embeddable":true,"href":"https:\/\/rnoticias.com.mx\/Portal\/wp-json\/wp\/v2\/media\/228864"}],"wp:attachment":[{"href":"https:\/\/rnoticias.com.mx\/Portal\/wp-json\/wp\/v2\/media?parent=228863"}],"wp:term":[{"taxonomy":"category","embeddable":true,"href":"https:\/\/rnoticias.com.mx\/Portal\/wp-json\/wp\/v2\/categories?post=228863"},{"taxonomy":"post_tag","embeddable":true,"href":"https:\/\/rnoticias.com.mx\/Portal\/wp-json\/wp\/v2\/tags?post=228863"}],"curies":[{"name":"wp","href":"https:\/\/api.w.org\/{rel}","templated":true}]}}