{"id":228857,"date":"2025-09-05T16:34:16","date_gmt":"2025-09-05T23:34:16","guid":{"rendered":"https:\/\/rnoticias.com.mx\/Portal\/?p=228857"},"modified":"2025-09-05T16:34:16","modified_gmt":"2025-09-05T23:34:16","slug":"sader-sonora-ha-destinado-mas-de-133-millones-de-pesos-al-campo-en-san-luis-rio-colorado","status":"publish","type":"post","link":"https:\/\/rnoticias.com.mx\/Portal\/2025\/09\/05\/sader-sonora-ha-destinado-mas-de-133-millones-de-pesos-al-campo-en-san-luis-rio-colorado\/","title":{"rendered":"SADER Sonora ha destinado m\u00e1s de 133 millones de pesos al campo en San Luis R\u00edo Colorado"},"content":{"rendered":"<div>La Secretar\u00eda de Agricultura y Desarrollo Rural (SADER) ha destinado m\u00e1s de 133 millones de pesos para fortalecer el campo en el municipio de San Luis R\u00edo Colorado, como parte de las acciones de impulso al desarrollo agr\u00edcola en Sonora.<\/div>\n<div><\/div>\n<div>Este 4 de septiembre, el representante de SADER en Sonora, Juan Gonz\u00e1lez Alvarado, encabez\u00f3 una reuni\u00f3n con productores y autoridades locales en el marco de la instalaci\u00f3n del Consejo Distrital para el Desarrollo Rural Sustentable de San Luis R\u00edo Colorado, un espacio de di\u00e1logo donde se atendieron directamente las inquietudes de agricultores y ganaderos de la regi\u00f3n.<\/div>\n<div><\/div>\n<div>El representante se\u00f1al\u00f3 que, una vez levantadas las actas y recopiladas las necesidades del sector primario en los 12 distritos de Sonora, la informaci\u00f3n ser\u00e1 presentada al gobernador Alfonso Durazo y al secretario de Agricultura, Julio Berdegu\u00e9, con el prop\u00f3sito de integrar un mapeo general del estado que permita atender de manera organizada y eficiente los principales retos del campo sonorense.<\/div>\n<div><\/div>\n<div>Con estas acciones, el Gobierno de M\u00e9xico reafirma su compromiso de trabajar en territorio, en coordinaci\u00f3n con productores y autoridades locales, para seguir fortaleciendo el desarrollo rural en Sonora.<\/div>\n<div><\/div>\n<div>\u2e3b<\/div>\n<div><\/div>\n<div>Programas y apoyos<\/div>\n<div><\/div>\n<div>\u2022Producci\u00f3n para el Bienestar en Miel y Granos: 4 productores beneficiados con una inversi\u00f3n de 27 mil pesos.<\/div>\n<div>\u2022Programa Especial de Energ\u00eda para el Campo (PEUA): 195 productores atendidos con una inversi\u00f3n de 131 millones 340 mil pesos.<\/div>\n<div>\u2022Fertilizantes para el Bienestar: 237 productores beneficiados con una inversi\u00f3n de 2 millones 272 mil pesos.<\/div>\n<div><\/div>\n<div>Total de inversi\u00f3n: 133 millones de pesos.<\/div>\n","protected":false},"excerpt":{"rendered":"<p>La Secretar\u00eda de Agricultura y Desarrollo Rural (SADER) ha destinado m\u00e1s de 133 millones de pesos para fortalecer el campo en el municipio de San Luis R\u00edo Colorado, como parte de las acciones de impulso al desarrollo agr\u00edcola en Sonora. Este 4 de septiembre, el representante de SADER en Sonora, Juan Gonz\u00e1lez Alvarado, encabez\u00f3 una [&hellip;]<\/p>\n","protected":false},"author":2,"featured_media":228858,"comment_status":"closed","ping_status":"closed","sticky":false,"template":"","format":"standard","meta":{"footnotes":""},"categories":[174],"tags":[12873],"class_list":["post-228857","post","type-post","status-publish","format-standard","has-post-thumbnail","hentry","category-estatal","tag-estatal"],"jetpack_featured_media_url":"https:\/\/rnoticias.com.mx\/Portal\/wp-content\/uploads\/2025\/09\/5f99ee80-e507-409b-922f-1d786d4d74a5.jpg","amp_enabled":true,"_links":{"self":[{"href":"https:\/\/rnoticias.com.mx\/Portal\/wp-json\/wp\/v2\/posts\/228857","targetHints":{"allow":["GET"]}}],"collection":[{"href":"https:\/\/rnoticias.com.mx\/Portal\/wp-json\/wp\/v2\/posts"}],"about":[{"href":"https:\/\/rnoticias.com.mx\/Portal\/wp-json\/wp\/v2\/types\/post"}],"author":[{"embeddable":true,"href":"https:\/\/rnoticias.com.mx\/Portal\/wp-json\/wp\/v2\/users\/2"}],"replies":[{"embeddable":true,"href":"https:\/\/rnoticias.com.mx\/Portal\/wp-json\/wp\/v2\/comments?post=228857"}],"version-history":[{"count":1,"href":"https:\/\/rnoticias.com.mx\/Portal\/wp-json\/wp\/v2\/posts\/228857\/revisions"}],"predecessor-version":[{"id":228859,"href":"https:\/\/rnoticias.com.mx\/Portal\/wp-json\/wp\/v2\/posts\/228857\/revisions\/228859"}],"wp:featuredmedia":[{"embeddable":true,"href":"https:\/\/rnoticias.com.mx\/Portal\/wp-json\/wp\/v2\/media\/228858"}],"wp:attachment":[{"href":"https:\/\/rnoticias.com.mx\/Portal\/wp-json\/wp\/v2\/media?parent=228857"}],"wp:term":[{"taxonomy":"category","embeddable":true,"href":"https:\/\/rnoticias.com.mx\/Portal\/wp-json\/wp\/v2\/categories?post=228857"},{"taxonomy":"post_tag","embeddable":true,"href":"https:\/\/rnoticias.com.mx\/Portal\/wp-json\/wp\/v2\/tags?post=228857"}],"curies":[{"name":"wp","href":"https:\/\/api.w.org\/{rel}","templated":true}]}}