{"id":228845,"date":"2025-09-05T15:46:34","date_gmt":"2025-09-05T22:46:34","guid":{"rendered":"https:\/\/rnoticias.com.mx\/Portal\/?p=228845"},"modified":"2025-09-05T15:46:34","modified_gmt":"2025-09-05T22:46:34","slug":"valoran-posibilidad-de-abrir-la-navegacion-de-nuevo-en-kino","status":"publish","type":"post","link":"https:\/\/rnoticias.com.mx\/Portal\/2025\/09\/05\/valoran-posibilidad-de-abrir-la-navegacion-de-nuevo-en-kino\/","title":{"rendered":"Valoran posibilidad de abrir la navegaci\u00f3n de nuevo en Kino"},"content":{"rendered":"<p>Hermosillo, Sonora. La Capitan\u00eda de Puerto de Bah\u00eda de Kino inform\u00f3 este viernes que se mantiene en constante monitoreo de las condiciones meteorol\u00f3gicas, y valora la posibilidad de reabrir la navegaci\u00f3n mar\u00edtima este fin de semana, si las condiciones lo permiten.<\/p>\n<p>&nbsp;<\/p>\n<p>Actualmente, el puerto permanece cerrado con bandera roja desde el pasado jueves para todo tipo de embarcaciones, debido a los efectos de la baja presi\u00f3n tropical &#8220;Lorena&#8221;, que ha generado fuertes vientos y lluvias en el centro del Golfo de California.<\/p>\n<p>&nbsp;<\/p>\n<p>El aviso meteorol\u00f3gico vigente reporta cielo nublado, rachas de viento de hasta 25 nudos y oleaje de 1 pie.<\/p>\n<p>&nbsp;<\/p>\n<p>Con bandera roja izada, la autoridad mar\u00edtima exhorta a la comunidad a mantenerse atenta a los comunicados oficiales.<\/p>\n<p>&nbsp;<\/p>\n<p>Finalmente, Capitan\u00eda de Puerto afirm\u00f3 que si las condiciones lo permiten, se podr\u00eda autorizar la reapertura parcial o total durante este fin de semana.<\/p>\n<p><strong>\u00a0<\/strong><\/p>\n<p><strong>\u00a0<\/strong><\/p>\n","protected":false},"excerpt":{"rendered":"<p>Hermosillo, Sonora. La Capitan\u00eda de Puerto de Bah\u00eda de Kino inform\u00f3 este viernes que se mantiene en constante monitoreo de las condiciones meteorol\u00f3gicas, y valora la posibilidad de reabrir la navegaci\u00f3n mar\u00edtima este fin de semana, si las condiciones lo permiten. &nbsp; Actualmente, el puerto permanece cerrado con bandera roja desde el pasado jueves para [&hellip;]<\/p>\n","protected":false},"author":2,"featured_media":228846,"comment_status":"closed","ping_status":"closed","sticky":false,"template":"","format":"standard","meta":{"footnotes":""},"categories":[12870,178],"tags":[12865,12869],"class_list":["post-228845","post","type-post","status-publish","format-standard","has-post-thumbnail","hentry","category-destacadas","category-local","tag-destacadas","tag-local"],"jetpack_featured_media_url":"https:\/\/rnoticias.com.mx\/Portal\/wp-content\/uploads\/2025\/09\/Banderas-en-la-playa.png","amp_enabled":true,"_links":{"self":[{"href":"https:\/\/rnoticias.com.mx\/Portal\/wp-json\/wp\/v2\/posts\/228845","targetHints":{"allow":["GET"]}}],"collection":[{"href":"https:\/\/rnoticias.com.mx\/Portal\/wp-json\/wp\/v2\/posts"}],"about":[{"href":"https:\/\/rnoticias.com.mx\/Portal\/wp-json\/wp\/v2\/types\/post"}],"author":[{"embeddable":true,"href":"https:\/\/rnoticias.com.mx\/Portal\/wp-json\/wp\/v2\/users\/2"}],"replies":[{"embeddable":true,"href":"https:\/\/rnoticias.com.mx\/Portal\/wp-json\/wp\/v2\/comments?post=228845"}],"version-history":[{"count":1,"href":"https:\/\/rnoticias.com.mx\/Portal\/wp-json\/wp\/v2\/posts\/228845\/revisions"}],"predecessor-version":[{"id":228847,"href":"https:\/\/rnoticias.com.mx\/Portal\/wp-json\/wp\/v2\/posts\/228845\/revisions\/228847"}],"wp:featuredmedia":[{"embeddable":true,"href":"https:\/\/rnoticias.com.mx\/Portal\/wp-json\/wp\/v2\/media\/228846"}],"wp:attachment":[{"href":"https:\/\/rnoticias.com.mx\/Portal\/wp-json\/wp\/v2\/media?parent=228845"}],"wp:term":[{"taxonomy":"category","embeddable":true,"href":"https:\/\/rnoticias.com.mx\/Portal\/wp-json\/wp\/v2\/categories?post=228845"},{"taxonomy":"post_tag","embeddable":true,"href":"https:\/\/rnoticias.com.mx\/Portal\/wp-json\/wp\/v2\/tags?post=228845"}],"curies":[{"name":"wp","href":"https:\/\/api.w.org\/{rel}","templated":true}]}}