{"id":228839,"date":"2025-09-05T15:35:00","date_gmt":"2025-09-05T22:35:00","guid":{"rendered":"https:\/\/rnoticias.com.mx\/Portal\/?p=228839"},"modified":"2025-09-05T15:35:00","modified_gmt":"2025-09-05T22:35:00","slug":"fgr-asigna-escoltas-a-fernandez-norona-tras-agresiones-de-alito-moreno","status":"publish","type":"post","link":"https:\/\/rnoticias.com.mx\/Portal\/2025\/09\/05\/fgr-asigna-escoltas-a-fernandez-norona-tras-agresiones-de-alito-moreno\/","title":{"rendered":"FGR asigna escoltas a Fern\u00e1ndez Noro\u00f1a tras agresiones de &#8216;Alito&#8217; Moreno"},"content":{"rendered":"<p>El senador de Morena,<strong>\u00a0Gerardo Fern\u00e1ndez Noro\u00f1a<\/strong>\u00a0afirm\u00f3 que la\u00a0<strong>Fiscal\u00eda General de la Rep\u00fablica<\/strong>\u00a0(FGR) l<strong>e asign\u00f3 una custodia<\/strong>, luego de la trifulca del 27 de agosto en el Senado con el senador priista Alejandro Moreno C\u00e1rdenas.<\/p>\n<p>En sus redes sociales, el legislador neg\u00f3 que la custodia de la Guardia Nacional fuera de su casa en Tepoztl\u00e1n,\u00a0<strong>Morelos, sea para resguardar esa propiedad, ante el rechazo que ha recibido por parte de comuneros.<\/strong><\/p>\n<p>Tambi\u00e9n indic\u00f3 que 8 d\u00edas despu\u00e9s de la trifulca en la Permanente, la FGR le asign\u00f3 una custodia\u00a0<strong>\u201cpor las agresiones que viv\u00ed a manos de (Alejandro Moreno) y cinco legisladores priistas m\u00e1s. Es un mecanismo previsto en la ley<\/strong>\u201d, justific\u00f3.<\/p>\n<p>Mientras el senador y presidente nacional del PRI, Alejandro Moreno, en sus redes sociales le contest\u00f3 Fern\u00e1ndez Noro\u00f1a:\u00a0<strong>&#8216;ya regresa esos escoltas (servidores p\u00fablicos) que le cuestan a todos los mexicanos, porque ni los pagas t\u00fa. \u00a1Eres un c\u00ednico, un mentiroso y un corrupto! Devu\u00e9lvelos para que cuiden a la gente, no a ti\u2026 que eres un coy\u00f3n, un cobarde y un vil chill\u00f3n&#8217;.<\/strong><\/p>\n<p>Fern\u00e1ndez Noro\u00f1a afirm\u00f3 que este viernes la FGR realizar\u00e1 una reconstrucci\u00f3n de los hechos ocurridos el 27 de agosto en la vieja casona de Xicot\u00e9ncatl,\u00a0<strong>luego de que \u00e9l interpuso una denuncia contra los legisladores priistas Alejandro Moreno, Pablo Angulo, Manuel A\u00f1orve, Rub\u00e9n Moreira, Erubiel Alonso y Carlos Gutierrez Mancilla.<\/strong><\/p>\n<p>&nbsp;<\/p>\n<p>Fuente: Latinus<\/p>\n","protected":false},"excerpt":{"rendered":"<p>El senador de Morena,\u00a0Gerardo Fern\u00e1ndez Noro\u00f1a\u00a0afirm\u00f3 que la\u00a0Fiscal\u00eda General de la Rep\u00fablica\u00a0(FGR) le asign\u00f3 una custodia, luego de la trifulca del 27 de agosto en el Senado con el senador priista Alejandro Moreno C\u00e1rdenas. En sus redes sociales, el legislador neg\u00f3 que la custodia de la Guardia Nacional fuera de su casa en Tepoztl\u00e1n,\u00a0Morelos, sea [&hellip;]<\/p>\n","protected":false},"author":2,"featured_media":228840,"comment_status":"closed","ping_status":"closed","sticky":false,"template":"","format":"standard","meta":{"footnotes":""},"categories":[12870,172],"tags":[12865,12874],"class_list":["post-228839","post","type-post","status-publish","format-standard","has-post-thumbnail","hentry","category-destacadas","category-nacional","tag-destacadas","tag-nacional"],"jetpack_featured_media_url":"https:\/\/rnoticias.com.mx\/Portal\/wp-content\/uploads\/2025\/09\/descarga-2.webp","amp_enabled":true,"_links":{"self":[{"href":"https:\/\/rnoticias.com.mx\/Portal\/wp-json\/wp\/v2\/posts\/228839","targetHints":{"allow":["GET"]}}],"collection":[{"href":"https:\/\/rnoticias.com.mx\/Portal\/wp-json\/wp\/v2\/posts"}],"about":[{"href":"https:\/\/rnoticias.com.mx\/Portal\/wp-json\/wp\/v2\/types\/post"}],"author":[{"embeddable":true,"href":"https:\/\/rnoticias.com.mx\/Portal\/wp-json\/wp\/v2\/users\/2"}],"replies":[{"embeddable":true,"href":"https:\/\/rnoticias.com.mx\/Portal\/wp-json\/wp\/v2\/comments?post=228839"}],"version-history":[{"count":1,"href":"https:\/\/rnoticias.com.mx\/Portal\/wp-json\/wp\/v2\/posts\/228839\/revisions"}],"predecessor-version":[{"id":228841,"href":"https:\/\/rnoticias.com.mx\/Portal\/wp-json\/wp\/v2\/posts\/228839\/revisions\/228841"}],"wp:featuredmedia":[{"embeddable":true,"href":"https:\/\/rnoticias.com.mx\/Portal\/wp-json\/wp\/v2\/media\/228840"}],"wp:attachment":[{"href":"https:\/\/rnoticias.com.mx\/Portal\/wp-json\/wp\/v2\/media?parent=228839"}],"wp:term":[{"taxonomy":"category","embeddable":true,"href":"https:\/\/rnoticias.com.mx\/Portal\/wp-json\/wp\/v2\/categories?post=228839"},{"taxonomy":"post_tag","embeddable":true,"href":"https:\/\/rnoticias.com.mx\/Portal\/wp-json\/wp\/v2\/tags?post=228839"}],"curies":[{"name":"wp","href":"https:\/\/api.w.org\/{rel}","templated":true}]}}