{"id":228809,"date":"2025-09-05T13:04:33","date_gmt":"2025-09-05T20:04:33","guid":{"rendered":"https:\/\/rnoticias.com.mx\/Portal\/?p=228809"},"modified":"2025-09-05T13:04:33","modified_gmt":"2025-09-05T20:04:33","slug":"la-grandeza-nace-del-corazon-rigoberta-menchu-llama-a-construir-un-futuro-con-valores-y-conciencia","status":"publish","type":"post","link":"https:\/\/rnoticias.com.mx\/Portal\/2025\/09\/05\/la-grandeza-nace-del-corazon-rigoberta-menchu-llama-a-construir-un-futuro-con-valores-y-conciencia\/","title":{"rendered":"\u201cLa grandeza nace del coraz\u00f3n\u201d: Rigoberta Mench\u00fa llama a construir un futuro con valores y conciencia"},"content":{"rendered":"<p>Ciudad de M\u00e9xico, 5 de septiembre del 2025. La activista guatemalteca Rigoberta Mench\u00fa, Premio Nobel de la Paz 1992, particip\u00f3 en el evento M\u00e9xico Siglo XXI, donde comparti\u00f3 un mensaje lleno de reflexi\u00f3n y sabidur\u00eda ancestral frente a miles de becarios de Fundaci\u00f3n Telmex Telcel, en el Auditorio Nacional.<\/p>\n<p>&nbsp;<\/p>\n<p>Primeramente, agradeci\u00f3 a Carlos Slim Hel\u00fa y a la Fundaci\u00f3n por impulsar espacios educativos que forman nuevas generaciones comprometidas con el cambio.<\/p>\n<p>&nbsp;<\/p>\n<p>Desde su visi\u00f3n como mujer ind\u00edgena y defensora de los derechos humanos, Mench\u00fa resalt\u00f3 que los valores como la gratitud, la humildad y el respeto no solo son gu\u00eda moral, sino una base espiritual esencial para transformar al mundo.<\/p>\n<p>&nbsp;<\/p>\n<p>\u201cHay que subrayar la importancia de escuchar a los mayores, ya que la sabidur\u00eda de padres y abuelos transmite lecciones pr\u00e1cticas y profundas para la vida cotidiana. El consejo de nuestros ancestros sigue vigente\u201d, expres\u00f3.<\/p>\n<p>&nbsp;<\/p>\n<p>Frente al avance de la tecnolog\u00eda y la inteligencia artificial, Mench\u00fa hizo un llamado a que estos desarrollos se pongan al servicio del bien com\u00fan, con una \u00e9tica clara y una dimensi\u00f3n humana.<\/p>\n<p>&nbsp;<\/p>\n<p>\u201cLa inteligencia artificial no tiene alma ni conciencia, por eso debe orientarse hacia la verdad y la educaci\u00f3n\u201d, advirti\u00f3.<\/p>\n<p>&nbsp;<\/p>\n<p>Tambi\u00e9n alert\u00f3 sobre el impacto de la desinformaci\u00f3n digital, al se\u00f1alar que las noticias falsas pueden destruir reputaciones o incluso inventar muertes. Por ello, propuso construir un lenguaje basado en el respeto, que combata la discriminaci\u00f3n, el bullying y el aislamiento social.<\/p>\n<p>&nbsp;<\/p>\n<p>Mench\u00fa invit\u00f3 a los j\u00f3venes a vivir con coherencia entre lo que dicen y lo que hacen.<\/p>\n<p>&nbsp;<\/p>\n<p>\u201cNo se puede hablar de inclusi\u00f3n mientras se excluye a otros, por ello una vida plena requiere unir lo personal, lo colectivo, lo espiritual y lo global\u201d, dijo.<\/p>\n<p>&nbsp;<\/p>\n<p>Para cerrar, pidi\u00f3 a los becarios buscar un legado m\u00e1s all\u00e1 de los t\u00edtulos, hacer de la no violencia una cultura diaria y construir futuro desde el coraz\u00f3n.<\/p>\n<h1><\/h1>\n","protected":false},"excerpt":{"rendered":"<p>Ciudad de M\u00e9xico, 5 de septiembre del 2025. La activista guatemalteca Rigoberta Mench\u00fa, Premio Nobel de la Paz 1992, particip\u00f3 en el evento M\u00e9xico Siglo XXI, donde comparti\u00f3 un mensaje lleno de reflexi\u00f3n y sabidur\u00eda ancestral frente a miles de becarios de Fundaci\u00f3n Telmex Telcel, en el Auditorio Nacional. &nbsp; Primeramente, agradeci\u00f3 a Carlos Slim [&hellip;]<\/p>\n","protected":false},"author":2,"featured_media":228810,"comment_status":"closed","ping_status":"closed","sticky":false,"template":"","format":"standard","meta":{"footnotes":""},"categories":[12870,172],"tags":[12865,12874],"class_list":["post-228809","post","type-post","status-publish","format-standard","has-post-thumbnail","hentry","category-destacadas","category-nacional","tag-destacadas","tag-nacional"],"jetpack_featured_media_url":"https:\/\/rnoticias.com.mx\/Portal\/wp-content\/uploads\/2025\/09\/descarga.jpg","amp_enabled":true,"_links":{"self":[{"href":"https:\/\/rnoticias.com.mx\/Portal\/wp-json\/wp\/v2\/posts\/228809","targetHints":{"allow":["GET"]}}],"collection":[{"href":"https:\/\/rnoticias.com.mx\/Portal\/wp-json\/wp\/v2\/posts"}],"about":[{"href":"https:\/\/rnoticias.com.mx\/Portal\/wp-json\/wp\/v2\/types\/post"}],"author":[{"embeddable":true,"href":"https:\/\/rnoticias.com.mx\/Portal\/wp-json\/wp\/v2\/users\/2"}],"replies":[{"embeddable":true,"href":"https:\/\/rnoticias.com.mx\/Portal\/wp-json\/wp\/v2\/comments?post=228809"}],"version-history":[{"count":1,"href":"https:\/\/rnoticias.com.mx\/Portal\/wp-json\/wp\/v2\/posts\/228809\/revisions"}],"predecessor-version":[{"id":228811,"href":"https:\/\/rnoticias.com.mx\/Portal\/wp-json\/wp\/v2\/posts\/228809\/revisions\/228811"}],"wp:featuredmedia":[{"embeddable":true,"href":"https:\/\/rnoticias.com.mx\/Portal\/wp-json\/wp\/v2\/media\/228810"}],"wp:attachment":[{"href":"https:\/\/rnoticias.com.mx\/Portal\/wp-json\/wp\/v2\/media?parent=228809"}],"wp:term":[{"taxonomy":"category","embeddable":true,"href":"https:\/\/rnoticias.com.mx\/Portal\/wp-json\/wp\/v2\/categories?post=228809"},{"taxonomy":"post_tag","embeddable":true,"href":"https:\/\/rnoticias.com.mx\/Portal\/wp-json\/wp\/v2\/tags?post=228809"}],"curies":[{"name":"wp","href":"https:\/\/api.w.org\/{rel}","templated":true}]}}