{"id":228806,"date":"2025-09-05T12:45:11","date_gmt":"2025-09-05T19:45:11","guid":{"rendered":"https:\/\/rnoticias.com.mx\/Portal\/?p=228806"},"modified":"2025-09-05T12:45:11","modified_gmt":"2025-09-05T19:45:11","slug":"atiende-gobierno-de-sonora-afectaciones-por-el-paso-de-lluvias-muy-intensas-derivadas-del-ciclon-lorena","status":"publish","type":"post","link":"https:\/\/rnoticias.com.mx\/Portal\/2025\/09\/05\/atiende-gobierno-de-sonora-afectaciones-por-el-paso-de-lluvias-muy-intensas-derivadas-del-ciclon-lorena\/","title":{"rendered":"Atiende Gobierno de Sonora afectaciones por el paso de lluvias muy intensas, derivadas del cicl\u00f3n Lorena"},"content":{"rendered":"<p>Hermosillo, Sonora; 5 de septiembre de 2025.- Personal de la Coordinaci\u00f3n Estatal de Protecci\u00f3n Civil (CEPC) en Sonora, as\u00ed como de la Brigada Estatal de Manejo de Fuego de Sagarhpa y Protecci\u00f3n Civil, en conjunto con autoridades municipales y diversas dependencias de los tres niveles de gobierno, atiende actualmente las afectaciones causadas por las intensas tormentas presentadas en la entidad, como efecto del cicl\u00f3n tropical Lorena en el Oc\u00e9ano Pac\u00edfico, report\u00e1ndose hasta el momento saldo blanco en Sonora.<\/p>\n<p>Actualmente se registran inundaciones en comunidades de los municipios de \u00c1lamos, donde se report\u00f3 una precipitaci\u00f3n superior a los 125 mil\u00edmetros, Navojoa, Etchojoa y Huatabampo. Adem\u00e1s, se han presentado lluvias en gran parte del territorio estatal.<\/p>\n<p>Se llevan a cabo evacuaciones preventivas, as\u00ed como diversas acciones para garantizar que se mantenga el saldo blanco. En toda la entidad se cuenta con 144 albergues listos para ser utilizados por la poblaci\u00f3n que lo requiera.<\/p>\n<p>A trav\u00e9s del Comit\u00e9 de Operaciones de Emergencias (COE), se coordina la respuesta de los tres niveles de gobierno para atender las emergencias.<\/p>\n<p>Armando Casta\u00f1eda S\u00e1nchez, coordinador de Protecci\u00f3n Civil, inform\u00f3 que contin\u00faa la vigilancia del cicl\u00f3n tropical Lorena, ahora como cicl\u00f3n post-tropical, el cual se espera que contin\u00fae su desplazamiento hacia el interior del Oc\u00e9ano Pac\u00edfico.<\/p>\n<p>Las condiciones poco favorables indican que comenzar\u00e1 a perder fuerza y a disiparse. No obstante, sus bandas nubosas aportar\u00e1n humedad al estado de Sonora, originando lluvias fuertes a muy fuertes en todo el territorio sonorense durante hoy.<\/p>\n<p>De igual forma, se prev\u00e9n rachas de viento fuertes, superiores a +60 km\/h, y oleaje de 2.5 a 3 metros de altura en las costas del sur de Sonora durante el viernes.<\/p>\n<p>Al mismo tiempo, los efectos del monz\u00f3n mexicano, en interacci\u00f3n con la humedad aportada por el cicl\u00f3n Lorena, ocasionar\u00e1n tormentas el\u00e9ctricas con lluvias de fuertes a muy fuertes (25 a 75 mm), as\u00ed como rachas de viento superiores a 60 km\/h en el oriente, sur, norte, noreste y centro del estado, principalmente en horario vespertino.<\/p>\n","protected":false},"excerpt":{"rendered":"<p>Hermosillo, Sonora; 5 de septiembre de 2025.- Personal de la Coordinaci\u00f3n Estatal de Protecci\u00f3n Civil (CEPC) en Sonora, as\u00ed como de la Brigada Estatal de Manejo de Fuego de Sagarhpa y Protecci\u00f3n Civil, en conjunto con autoridades municipales y diversas dependencias de los tres niveles de gobierno, atiende actualmente las afectaciones causadas por las intensas [&hellip;]<\/p>\n","protected":false},"author":2,"featured_media":228807,"comment_status":"closed","ping_status":"closed","sticky":false,"template":"","format":"standard","meta":{"footnotes":""},"categories":[12870,178],"tags":[12865,12869],"class_list":["post-228806","post","type-post","status-publish","format-standard","has-post-thumbnail","hentry","category-destacadas","category-local","tag-destacadas","tag-local"],"jetpack_featured_media_url":"https:\/\/rnoticias.com.mx\/Portal\/wp-content\/uploads\/2025\/09\/unnamed-18.jpg","amp_enabled":true,"_links":{"self":[{"href":"https:\/\/rnoticias.com.mx\/Portal\/wp-json\/wp\/v2\/posts\/228806","targetHints":{"allow":["GET"]}}],"collection":[{"href":"https:\/\/rnoticias.com.mx\/Portal\/wp-json\/wp\/v2\/posts"}],"about":[{"href":"https:\/\/rnoticias.com.mx\/Portal\/wp-json\/wp\/v2\/types\/post"}],"author":[{"embeddable":true,"href":"https:\/\/rnoticias.com.mx\/Portal\/wp-json\/wp\/v2\/users\/2"}],"replies":[{"embeddable":true,"href":"https:\/\/rnoticias.com.mx\/Portal\/wp-json\/wp\/v2\/comments?post=228806"}],"version-history":[{"count":1,"href":"https:\/\/rnoticias.com.mx\/Portal\/wp-json\/wp\/v2\/posts\/228806\/revisions"}],"predecessor-version":[{"id":228808,"href":"https:\/\/rnoticias.com.mx\/Portal\/wp-json\/wp\/v2\/posts\/228806\/revisions\/228808"}],"wp:featuredmedia":[{"embeddable":true,"href":"https:\/\/rnoticias.com.mx\/Portal\/wp-json\/wp\/v2\/media\/228807"}],"wp:attachment":[{"href":"https:\/\/rnoticias.com.mx\/Portal\/wp-json\/wp\/v2\/media?parent=228806"}],"wp:term":[{"taxonomy":"category","embeddable":true,"href":"https:\/\/rnoticias.com.mx\/Portal\/wp-json\/wp\/v2\/categories?post=228806"},{"taxonomy":"post_tag","embeddable":true,"href":"https:\/\/rnoticias.com.mx\/Portal\/wp-json\/wp\/v2\/tags?post=228806"}],"curies":[{"name":"wp","href":"https:\/\/api.w.org\/{rel}","templated":true}]}}