{"id":228803,"date":"2025-09-05T12:44:24","date_gmt":"2025-09-05T19:44:24","guid":{"rendered":"https:\/\/rnoticias.com.mx\/Portal\/?p=228803"},"modified":"2025-09-05T12:44:24","modified_gmt":"2025-09-05T19:44:24","slug":"remanentes-de-lorena-pueden-seguir-dejando-lluvias-fuertes-en-sonora-conagua","status":"publish","type":"post","link":"https:\/\/rnoticias.com.mx\/Portal\/2025\/09\/05\/remanentes-de-lorena-pueden-seguir-dejando-lluvias-fuertes-en-sonora-conagua\/","title":{"rendered":"Remanentes de \u201cLorena\u201d pueden seguir dejando lluvias fuertes en Sonora: Conagua"},"content":{"rendered":"<p>Hermosillo, Sonora. La Comisi\u00f3n Nacional del Agua (Conagua), inform\u00f3 que los remanentes del cicl\u00f3n tropical Lorena, actualmente en etapa de disipaci\u00f3n, seguir\u00e1n generando lluvias en el estado de Sonora durante este fin de semana.<\/p>\n<p>&nbsp;<\/p>\n<p>El especialista t\u00e9cnico de Conagua, Gilberto Lagarda V\u00e1zquez, detall\u00f3 que aunque el sistema ya es post-tropical, mantiene condiciones favorables para lluvias de variadas intensidades.<\/p>\n<p>&nbsp;<\/p>\n<p>\u201cEste viernes se prev\u00e9n lluvias ligeras a intensas, con acumulados que podr\u00edan superar los 100 mm en zonas del sur, oriente y centro del estado. En el norte y la costa de Hermosillo, se esperan lluvias entre 25 y 50 mm, y de ligeras a moderadas en el noroeste. Las temperaturas seguir\u00e1n agradables, con m\u00e1ximas por debajo de los 35\u00b0C\u201d, coment\u00f3,<\/p>\n<p>&nbsp;<\/p>\n<p>Para ma\u00f1ana s\u00e1bado, las lluvias disminuir\u00e1n, pero seguir\u00e1n presentes. El domingo y lunes, las precipitaciones se concentrar\u00e1n en la zona serrana del oriente, mientras que el resto del estado ver\u00e1 un ascenso en las temperaturas, con m\u00e1ximas cercanas a los 40\u00b0C.<\/p>\n<p>&nbsp;<\/p>\n","protected":false},"excerpt":{"rendered":"<p>Hermosillo, Sonora. La Comisi\u00f3n Nacional del Agua (Conagua), inform\u00f3 que los remanentes del cicl\u00f3n tropical Lorena, actualmente en etapa de disipaci\u00f3n, seguir\u00e1n generando lluvias en el estado de Sonora durante este fin de semana. &nbsp; El especialista t\u00e9cnico de Conagua, Gilberto Lagarda V\u00e1zquez, detall\u00f3 que aunque el sistema ya es post-tropical, mantiene condiciones favorables para [&hellip;]<\/p>\n","protected":false},"author":2,"featured_media":228804,"comment_status":"closed","ping_status":"closed","sticky":false,"template":"","format":"standard","meta":{"footnotes":""},"categories":[12870,174],"tags":[12865,12873],"class_list":["post-228803","post","type-post","status-publish","format-standard","has-post-thumbnail","hentry","category-destacadas","category-estatal","tag-destacadas","tag-estatal"],"jetpack_featured_media_url":"https:\/\/rnoticias.com.mx\/Portal\/wp-content\/uploads\/2025\/09\/lorena-lluvias-efe-focus-0-0-608-342.jpg","amp_enabled":true,"_links":{"self":[{"href":"https:\/\/rnoticias.com.mx\/Portal\/wp-json\/wp\/v2\/posts\/228803","targetHints":{"allow":["GET"]}}],"collection":[{"href":"https:\/\/rnoticias.com.mx\/Portal\/wp-json\/wp\/v2\/posts"}],"about":[{"href":"https:\/\/rnoticias.com.mx\/Portal\/wp-json\/wp\/v2\/types\/post"}],"author":[{"embeddable":true,"href":"https:\/\/rnoticias.com.mx\/Portal\/wp-json\/wp\/v2\/users\/2"}],"replies":[{"embeddable":true,"href":"https:\/\/rnoticias.com.mx\/Portal\/wp-json\/wp\/v2\/comments?post=228803"}],"version-history":[{"count":1,"href":"https:\/\/rnoticias.com.mx\/Portal\/wp-json\/wp\/v2\/posts\/228803\/revisions"}],"predecessor-version":[{"id":228805,"href":"https:\/\/rnoticias.com.mx\/Portal\/wp-json\/wp\/v2\/posts\/228803\/revisions\/228805"}],"wp:featuredmedia":[{"embeddable":true,"href":"https:\/\/rnoticias.com.mx\/Portal\/wp-json\/wp\/v2\/media\/228804"}],"wp:attachment":[{"href":"https:\/\/rnoticias.com.mx\/Portal\/wp-json\/wp\/v2\/media?parent=228803"}],"wp:term":[{"taxonomy":"category","embeddable":true,"href":"https:\/\/rnoticias.com.mx\/Portal\/wp-json\/wp\/v2\/categories?post=228803"},{"taxonomy":"post_tag","embeddable":true,"href":"https:\/\/rnoticias.com.mx\/Portal\/wp-json\/wp\/v2\/tags?post=228803"}],"curies":[{"name":"wp","href":"https:\/\/api.w.org\/{rel}","templated":true}]}}