{"id":228791,"date":"2025-09-05T11:58:08","date_gmt":"2025-09-05T18:58:08","guid":{"rendered":"https:\/\/rnoticias.com.mx\/Portal\/?p=228791"},"modified":"2025-09-05T11:58:08","modified_gmt":"2025-09-05T18:58:08","slug":"joy-buolamwini-en-mexico-la-inteligencia-artificial-debe-aprender-del-mundo-real-no-ignorarlo","status":"publish","type":"post","link":"https:\/\/rnoticias.com.mx\/Portal\/2025\/09\/05\/joy-buolamwini-en-mexico-la-inteligencia-artificial-debe-aprender-del-mundo-real-no-ignorarlo\/","title":{"rendered":"Joy Buolamwini en M\u00e9xico: &#8220;La inteligencia artificial debe aprender del mundo real, no ignorarlo&#8221;"},"content":{"rendered":"<p>Ciudad de M\u00e9xico, a 5 de septiembre del 2025. En un emotivo y reflexivo discurso durante el evento M\u00e9xico Siglo XXI 2025, la investigadora y activista Joy Buolamwini hizo un llamado urgente a repensar la forma en que se desarrolla la inteligencia artificial.<\/p>\n<p>&nbsp;<\/p>\n<p>Ante miles de becarios en el Auditorio Nacional, alert\u00f3 sobre los riesgos de una tecnolog\u00eda que, al ser entrenada con datos incompletos o parciales, termina excluyendo a comunidades enteras y perpetuando sesgos culturales.<\/p>\n<p>&nbsp;<\/p>\n<p>Buolamwini, reconocida internacionalmente por su trabajo en \u00e9tica tecnol\u00f3gica y fundadora de la Liga de la Justicia Algor\u00edtmica, comparti\u00f3 ejemplos concretos que ilustran c\u00f3mo estos errores pueden tener consecuencias reales.<\/p>\n<p>&nbsp;<\/p>\n<p>Narr\u00f3 el caso de un ni\u00f1o en Kenia que busc\u00f3 en un sistema de IA el significado de su nombre. La respuesta equivocada gener\u00f3 una discusi\u00f3n con su madre, dejando en evidencia c\u00f3mo una herramienta tecnol\u00f3gica puede imponerse incluso sobre el conocimiento familiar y tradicional.<\/p>\n<p>&nbsp;<\/p>\n<p>\u201cCuando la IA ignora contextos culturales, lo que produce no es conocimiento, sino confusi\u00f3n, Las herramientas tecnol\u00f3gicas no solo deben ser eficientes, sino tambi\u00e9n conscientes del mundo diverso al que se dirigen y las decisiones algor\u00edtmicas mal dise\u00f1adas hoy afectar\u00e1n la identidad de millones ma\u00f1ana\u201d, afirm\u00f3.<\/p>\n<p>&nbsp;<\/p>\n<p>Durante su visita a M\u00e9xico, Buolamwini expres\u00f3 su asombro al recorrer el Museo Nacional de Antropolog\u00eda, donde comprendi\u00f3 la vastedad cultural del pa\u00eds. Esa experiencia reforz\u00f3 su convicci\u00f3n de que el desarrollo tecnol\u00f3gico debe partir de una comprensi\u00f3n profunda de las m\u00faltiples realidades humanas.<\/p>\n<p>&nbsp;<\/p>\n<p>\u201cMe hizo pensar en todo lo que perdemos cuando no integramos esa riqueza cultural en los sistemas que estamos creando\u201d, asegur\u00f3.<\/p>\n<p>&nbsp;<\/p>\n<p>Su conferencia fue tambi\u00e9n una invitaci\u00f3n a la acci\u00f3n. Asegur\u00f3 que el futuro digital debe construirse sobre principios de inclusi\u00f3n, equidad y respeto.<\/p>\n<p>&nbsp;<\/p>\n<p>\u201cLa justicia algor\u00edtmica no es un lujo. Es una necesidad si queremos que la tecnolog\u00eda trabaje para todos, no solo para unos cuantos\u201d, confirm\u00f3.<\/p>\n<p>&nbsp;<\/p>\n<p>Finalmente y desde el escenario de M\u00e9xico Siglo XXI, Joy Buolamwini dej\u00f3 una lecci\u00f3n clara: una inteligencia artificial verdaderamente avanzada no ser\u00e1 la que nos reemplace, sino la que nos comprenda.<\/p>\n<p>&nbsp;<\/p>\n","protected":false},"excerpt":{"rendered":"<p>Ciudad de M\u00e9xico, a 5 de septiembre del 2025. En un emotivo y reflexivo discurso durante el evento M\u00e9xico Siglo XXI 2025, la investigadora y activista Joy Buolamwini hizo un llamado urgente a repensar la forma en que se desarrolla la inteligencia artificial. &nbsp; Ante miles de becarios en el Auditorio Nacional, alert\u00f3 sobre los [&hellip;]<\/p>\n","protected":false},"author":2,"featured_media":228792,"comment_status":"closed","ping_status":"closed","sticky":false,"template":"","format":"standard","meta":{"footnotes":""},"categories":[12870,172],"tags":[12865,12874],"class_list":["post-228791","post","type-post","status-publish","format-standard","has-post-thumbnail","hentry","category-destacadas","category-nacional","tag-destacadas","tag-nacional"],"jetpack_featured_media_url":"https:\/\/rnoticias.com.mx\/Portal\/wp-content\/uploads\/2025\/09\/Joy-Buolamwini.webp","amp_enabled":true,"_links":{"self":[{"href":"https:\/\/rnoticias.com.mx\/Portal\/wp-json\/wp\/v2\/posts\/228791","targetHints":{"allow":["GET"]}}],"collection":[{"href":"https:\/\/rnoticias.com.mx\/Portal\/wp-json\/wp\/v2\/posts"}],"about":[{"href":"https:\/\/rnoticias.com.mx\/Portal\/wp-json\/wp\/v2\/types\/post"}],"author":[{"embeddable":true,"href":"https:\/\/rnoticias.com.mx\/Portal\/wp-json\/wp\/v2\/users\/2"}],"replies":[{"embeddable":true,"href":"https:\/\/rnoticias.com.mx\/Portal\/wp-json\/wp\/v2\/comments?post=228791"}],"version-history":[{"count":1,"href":"https:\/\/rnoticias.com.mx\/Portal\/wp-json\/wp\/v2\/posts\/228791\/revisions"}],"predecessor-version":[{"id":228793,"href":"https:\/\/rnoticias.com.mx\/Portal\/wp-json\/wp\/v2\/posts\/228791\/revisions\/228793"}],"wp:featuredmedia":[{"embeddable":true,"href":"https:\/\/rnoticias.com.mx\/Portal\/wp-json\/wp\/v2\/media\/228792"}],"wp:attachment":[{"href":"https:\/\/rnoticias.com.mx\/Portal\/wp-json\/wp\/v2\/media?parent=228791"}],"wp:term":[{"taxonomy":"category","embeddable":true,"href":"https:\/\/rnoticias.com.mx\/Portal\/wp-json\/wp\/v2\/categories?post=228791"},{"taxonomy":"post_tag","embeddable":true,"href":"https:\/\/rnoticias.com.mx\/Portal\/wp-json\/wp\/v2\/tags?post=228791"}],"curies":[{"name":"wp","href":"https:\/\/api.w.org\/{rel}","templated":true}]}}