{"id":228761,"date":"2025-09-05T10:11:53","date_gmt":"2025-09-05T17:11:53","guid":{"rendered":"https:\/\/rnoticias.com.mx\/Portal\/?p=228761"},"modified":"2025-09-05T10:11:53","modified_gmt":"2025-09-05T17:11:53","slug":"gobierno-de-sonora-invita-a-participar-en-la-convocatoria-de-estimulos-economicos-2025","status":"publish","type":"post","link":"https:\/\/rnoticias.com.mx\/Portal\/2025\/09\/05\/gobierno-de-sonora-invita-a-participar-en-la-convocatoria-de-estimulos-economicos-2025\/","title":{"rendered":"Gobierno de Sonora invita a participar en la convocatoria de Est\u00edmulos Econ\u00f3micos 2025"},"content":{"rendered":"<p>Hermosillo, Sonora; 5 de septiembre de 2025.- Para que nadie se quede atr\u00e1s, ni nadie se quede fuera, el Gobierno de Sonora, a trav\u00e9s del DIF estatal, arranc\u00f3 la convocatoria Est\u00edmulos Econ\u00f3micos 2025, en cumplimiento al compromiso del gobernador Alfonso Durazo de apoyar a las personas con discapacidad en distintas \u00e1reas de su desarrollo.<\/p>\n<p>La convocatoria para participar permanecer\u00e1 abierta hasta el 3 de octubre de 2025, periodo en el que las y los interesados podr\u00e1n consultar las bases en el portal oficial de la dependencia:\u00a0<a href=\"http:\/\/dif.sonora.gob.mx\/\" target=\"_blank\" rel=\"noopener\" data-saferedirecturl=\"https:\/\/www.google.com\/url?q=http:\/\/dif.sonora.gob.mx&amp;source=gmail&amp;ust=1757178453350000&amp;usg=AOvVaw2KR1KFsK3h0OfWg7uXxGWS\">dif.sonora.gob.mx<\/a>. Los est\u00edmulos se otorgan en categor\u00edas como Atenci\u00f3n Temprana, Educativo, Especial, Impulso Deportivo y Capacitaci\u00f3n Laboral.<\/p>\n<p>Para participar es necesario presentar documentaci\u00f3n b\u00e1sica como credencial nacional para personas con discapacidad vigente e INE o documentaci\u00f3n oficial, adem\u00e1s de otros requisitos que var\u00edan seg\u00fan la categor\u00eda solicitada y que se pueden consultar en la convocatoria.<\/p>\n<p>La directora general de DIF Sonora, Lizeth V\u00e1squez Ochoa, se\u00f1al\u00f3 que las solicitudes deber\u00e1n entregarse en la Direcci\u00f3n de Atenci\u00f3n a Personas con Discapacidad de DIF Sonora en Hermosillo, ubicada en Calle Tres y Avenida Ley Federal del Trabajo, col. Bugambilias, en las instalaciones del CREE Hermosillo o, bien, en las oficinas de los sistemas DIF municipales. La publicaci\u00f3n de resultados se realizar\u00e1 en el mes de diciembre en la p\u00e1gina oficial de DIF Sonora.<\/p>\n<p>El Gobierno de Sonora reiter\u00f3 que los apoyos est\u00e1n sujetos a la disponibilidad presupuestal y que cada a\u00f1o la convocatoria puede tener ajustes, por lo que es fundamental consultar la informaci\u00f3n vigente.<\/p>\n<p>Para mayor informaci\u00f3n, el sistema DIF Sonora pone a su disposici\u00f3n los tel\u00e9fonos (662) 210 8340 y (662) 210 6289 de la Direcci\u00f3n de Atenci\u00f3n a Personas con Discapacidad, en horario de 8:00 a 15:00 horas, de lunes a viernes, o en el DIF del municipio que le corresponda.<\/p>\n","protected":false},"excerpt":{"rendered":"<p>Hermosillo, Sonora; 5 de septiembre de 2025.- Para que nadie se quede atr\u00e1s, ni nadie se quede fuera, el Gobierno de Sonora, a trav\u00e9s del DIF estatal, arranc\u00f3 la convocatoria Est\u00edmulos Econ\u00f3micos 2025, en cumplimiento al compromiso del gobernador Alfonso Durazo de apoyar a las personas con discapacidad en distintas \u00e1reas de su desarrollo. La [&hellip;]<\/p>\n","protected":false},"author":2,"featured_media":228762,"comment_status":"closed","ping_status":"closed","sticky":false,"template":"","format":"standard","meta":{"footnotes":""},"categories":[178],"tags":[12869],"class_list":["post-228761","post","type-post","status-publish","format-standard","has-post-thumbnail","hentry","category-local","tag-local"],"jetpack_featured_media_url":"https:\/\/rnoticias.com.mx\/Portal\/wp-content\/uploads\/2025\/09\/unnamed-2-4.jpg","amp_enabled":true,"_links":{"self":[{"href":"https:\/\/rnoticias.com.mx\/Portal\/wp-json\/wp\/v2\/posts\/228761","targetHints":{"allow":["GET"]}}],"collection":[{"href":"https:\/\/rnoticias.com.mx\/Portal\/wp-json\/wp\/v2\/posts"}],"about":[{"href":"https:\/\/rnoticias.com.mx\/Portal\/wp-json\/wp\/v2\/types\/post"}],"author":[{"embeddable":true,"href":"https:\/\/rnoticias.com.mx\/Portal\/wp-json\/wp\/v2\/users\/2"}],"replies":[{"embeddable":true,"href":"https:\/\/rnoticias.com.mx\/Portal\/wp-json\/wp\/v2\/comments?post=228761"}],"version-history":[{"count":1,"href":"https:\/\/rnoticias.com.mx\/Portal\/wp-json\/wp\/v2\/posts\/228761\/revisions"}],"predecessor-version":[{"id":228763,"href":"https:\/\/rnoticias.com.mx\/Portal\/wp-json\/wp\/v2\/posts\/228761\/revisions\/228763"}],"wp:featuredmedia":[{"embeddable":true,"href":"https:\/\/rnoticias.com.mx\/Portal\/wp-json\/wp\/v2\/media\/228762"}],"wp:attachment":[{"href":"https:\/\/rnoticias.com.mx\/Portal\/wp-json\/wp\/v2\/media?parent=228761"}],"wp:term":[{"taxonomy":"category","embeddable":true,"href":"https:\/\/rnoticias.com.mx\/Portal\/wp-json\/wp\/v2\/categories?post=228761"},{"taxonomy":"post_tag","embeddable":true,"href":"https:\/\/rnoticias.com.mx\/Portal\/wp-json\/wp\/v2\/tags?post=228761"}],"curies":[{"name":"wp","href":"https:\/\/api.w.org\/{rel}","templated":true}]}}