{"id":228733,"date":"2025-09-05T08:46:31","date_gmt":"2025-09-05T15:46:31","guid":{"rendered":"https:\/\/rnoticias.com.mx\/Portal\/?p=228733"},"modified":"2025-09-05T08:46:31","modified_gmt":"2025-09-05T15:46:31","slug":"carlos-slim-domit-da-la-bienvenida-a-miles-de-becarios-a-edicion-2025-de-mexico-siglo-xxi-mentes-que-iluminan-el-futuro","status":"publish","type":"post","link":"https:\/\/rnoticias.com.mx\/Portal\/2025\/09\/05\/carlos-slim-domit-da-la-bienvenida-a-miles-de-becarios-a-edicion-2025-de-mexico-siglo-xxi-mentes-que-iluminan-el-futuro\/","title":{"rendered":"Carlos Slim Domit da la bienvenida a miles de becarios a edici\u00f3n 2025 de &#8220;M\u00e9xico Siglo XXI&#8221;: Mentes que iluminan el futuro"},"content":{"rendered":"<p data-start=\"244\" data-end=\"520\">Ciudad de M\u00e9xico.- Con la presencia de miles de j\u00f3venes en el Auditorio Nacional, Carlos Slim Domit, presidente del Consejo de Administraci\u00f3n de Grupo Carso y Am\u00e9rica M\u00f3vil, inaugur\u00f3 la edici\u00f3n 2025 de \u201cM\u00e9xico Siglo XXI\u201d, encuentro organizado por la Fundaci\u00f3n Telmex Telcel.<\/p>\n<p data-start=\"522\" data-end=\"959\">En su mensaje de bienvenida, Slim Domit destac\u00f3 que los j\u00f3venes representan el motor de cambio y la principal fortaleza del pa\u00eds, subrayando que con su talento e innovaci\u00f3n son \u201cmentes que iluminan el futuro\u201d. Record\u00f3 que a lo largo de m\u00e1s de dos d\u00e9cadas la Fundaci\u00f3n Telmex Telcel ha beneficiado a m\u00e1s de 800 mil becarios, impulsando su formaci\u00f3n acad\u00e9mica, su desarrollo profesional y tambi\u00e9n fomentando valores de compromiso social.<\/p>\n<p data-start=\"961\" data-end=\"1358\">El foro, considerado uno de los m\u00e1s importantes en su tipo en Am\u00e9rica Latina, re\u00fane a personalidades nacionales e internacionales del \u00e1mbito acad\u00e9mico, empresarial, cultural y deportivo, quienes comparten experiencias con los becarios para inspirarlos a seguir contribuyendo al desarrollo de M\u00e9xico y a la construcci\u00f3n de una sociedad m\u00e1s justa, equitativa y preparada para los retos del futuro.<\/p>\n","protected":false},"excerpt":{"rendered":"<p>Ciudad de M\u00e9xico.- Con la presencia de miles de j\u00f3venes en el Auditorio Nacional, Carlos Slim Domit, presidente del Consejo de Administraci\u00f3n de Grupo Carso y Am\u00e9rica M\u00f3vil, inaugur\u00f3 la edici\u00f3n 2025 de \u201cM\u00e9xico Siglo XXI\u201d, encuentro organizado por la Fundaci\u00f3n Telmex Telcel. En su mensaje de bienvenida, Slim Domit destac\u00f3 que los j\u00f3venes representan [&hellip;]<\/p>\n","protected":false},"author":2,"featured_media":228734,"comment_status":"closed","ping_status":"closed","sticky":false,"template":"","format":"standard","meta":{"footnotes":""},"categories":[12870,172],"tags":[12865,12874],"class_list":["post-228733","post","type-post","status-publish","format-standard","has-post-thumbnail","hentry","category-destacadas","category-nacional","tag-destacadas","tag-nacional"],"jetpack_featured_media_url":"https:\/\/rnoticias.com.mx\/Portal\/wp-content\/uploads\/2025\/09\/WhatsAp8p-Image-2025-09-05-at-8.35.46-AM.jpeg","amp_enabled":true,"_links":{"self":[{"href":"https:\/\/rnoticias.com.mx\/Portal\/wp-json\/wp\/v2\/posts\/228733","targetHints":{"allow":["GET"]}}],"collection":[{"href":"https:\/\/rnoticias.com.mx\/Portal\/wp-json\/wp\/v2\/posts"}],"about":[{"href":"https:\/\/rnoticias.com.mx\/Portal\/wp-json\/wp\/v2\/types\/post"}],"author":[{"embeddable":true,"href":"https:\/\/rnoticias.com.mx\/Portal\/wp-json\/wp\/v2\/users\/2"}],"replies":[{"embeddable":true,"href":"https:\/\/rnoticias.com.mx\/Portal\/wp-json\/wp\/v2\/comments?post=228733"}],"version-history":[{"count":1,"href":"https:\/\/rnoticias.com.mx\/Portal\/wp-json\/wp\/v2\/posts\/228733\/revisions"}],"predecessor-version":[{"id":228735,"href":"https:\/\/rnoticias.com.mx\/Portal\/wp-json\/wp\/v2\/posts\/228733\/revisions\/228735"}],"wp:featuredmedia":[{"embeddable":true,"href":"https:\/\/rnoticias.com.mx\/Portal\/wp-json\/wp\/v2\/media\/228734"}],"wp:attachment":[{"href":"https:\/\/rnoticias.com.mx\/Portal\/wp-json\/wp\/v2\/media?parent=228733"}],"wp:term":[{"taxonomy":"category","embeddable":true,"href":"https:\/\/rnoticias.com.mx\/Portal\/wp-json\/wp\/v2\/categories?post=228733"},{"taxonomy":"post_tag","embeddable":true,"href":"https:\/\/rnoticias.com.mx\/Portal\/wp-json\/wp\/v2\/tags?post=228733"}],"curies":[{"name":"wp","href":"https:\/\/api.w.org\/{rel}","templated":true}]}}