{"id":228726,"date":"2025-09-05T08:00:39","date_gmt":"2025-09-05T15:00:39","guid":{"rendered":"https:\/\/rnoticias.com.mx\/Portal\/?p=228726"},"modified":"2025-09-05T08:00:39","modified_gmt":"2025-09-05T15:00:39","slug":"guillermo-del-toro-tendra-estreno-especial-de-frankenstein-antes-de-llegar-a-los-cines","status":"publish","type":"post","link":"https:\/\/rnoticias.com.mx\/Portal\/2025\/09\/05\/guillermo-del-toro-tendra-estreno-especial-de-frankenstein-antes-de-llegar-a-los-cines\/","title":{"rendered":"Guillermo del Toro tendr\u00e1 estreno especial de Frankenstein antes de llegar a los cines"},"content":{"rendered":"<p><mark><strong>Guillermo del Toro<\/strong><\/mark>\u00a0est\u00e1 listo para deslumbrar con su esperada versi\u00f3n de\u00a0<mark><strong>Frankenstein<\/strong><\/mark>, y el primer vistazo oficial ocurrir\u00e1 antes de su llegada a las salas de cine: el\u00a0<strong>Festival Internacional de Cine de Morelia (FICM)<\/strong>\u00a0ser\u00e1 el escenario elegido para su estreno exclusivo.\u00a0<mark><strong>Esta presentaci\u00f3n formar\u00e1 parte de la programaci\u00f3n especial de la 23\u00aa edici\u00f3n del festival, que se celebrar\u00e1 del 10 al 19 de octubre en la capital de Michoac\u00e1n.<\/strong><\/mark><\/p>\n<p><strong>Esta funci\u00f3n de gala no solo marcar\u00e1 el debut mundial de la pel\u00edcula, sino que tambi\u00e9n reafirma al FICM como una plataforma clave para el cine de autor, capaz de atraer proyectos de talla internacional.<\/strong>\u00a0La decisi\u00f3n de presentar Frankenstein en Morelia subraya la cercan\u00eda del cineasta tapat\u00edo con el cine mexicano y con el p\u00fablico nacional, a pesar de ser una producci\u00f3n respaldada por Netflix.<\/p>\n<p>La pel\u00edcula tendr\u00e1 una corrida limitada en cines selectos tras su paso por el festival, incluyendo su llegada a las pantallas mexicanas el 23 de octubre. A nivel global, se podr\u00e1 ver a trav\u00e9s de Netflix a partir del 7 de noviembre. Sin embargo, Morelia ser\u00e1 el lugar donde la obra ver\u00e1 la luz por primera vez, consolidando al festival como epicentro de grandes estrenos en Am\u00e9rica Latina.<\/p>\n<div class=\" b2\"><\/div>\n<h2>Una visi\u00f3n \u00fanica del cl\u00e1sico de Mary Shelley<\/h2>\n<p><mark><strong>Con un enfoque profundamente emocional, oscuro y visualmente poderoso, la adaptaci\u00f3n de Del Toro busca ir m\u00e1s all\u00e1 del mito del monstruo para explorar las dimensiones humanas, filos\u00f3ficas y est\u00e9ticas del texto original.<\/strong><\/mark>\u00a0El elenco est\u00e1 encabezado por Oscar Isaac como Victor Frankenstein y Jacob Elordi en el papel de la criatura. Acompa\u00f1an figuras como\u00a0<mark>Mia Goth, Christoph Waltz, Felix Kammerer, Lars Mikkelsen, Charles Dance, David Bradley y Christian Convery.<\/mark><\/p>\n<p>Desde los primeros avances visuales, la producci\u00f3n ha apostado por el misterio, ocultando los rostros de sus protagonistas y manteniendo en secreto la apariencia de sus personajes principales, lo que ha despertado a\u00fan m\u00e1s expectativas en torno al filme.<mark><strong> Todo apunta a que Del Toro ofrecer\u00e1 una de sus obras m\u00e1s personales, mezclando su amor por el horror g\u00f3tico con una mirada sensible y art\u00edstica del cl\u00e1sico literario.\u00a0<\/strong><\/mark><\/p>\n<h2>Del Toro no asistir\u00e1, pero el festival se llena de estrellas<\/h2>\n<p><mark><strong>Aunque Guillermo del Toro no podr\u00e1 asistir personalmente al evento en Morelia debido a compromisos laborales, su presencia art\u00edstica ser\u00e1 m\u00e1s que evidente a trav\u00e9s de la proyecci\u00f3n de Frankenstein.\u00a0<\/strong><\/mark>Seg\u00fan confirm\u00f3 la directora del festival, Daniela Michel, el director sigue muy comprometido con M\u00e9xico y con el cine, y su decisi\u00f3n de estrenar aqu\u00ed su pel\u00edcula lo demuestra con creces.<\/p>\n<p>Adem\u00e1s de este estreno tan esperado, el FICM 2025 contar\u00e1 con otras presencias internacionales destacadas. Juliette Binoche regresar\u00e1 al festival para presentar su nuevo trabajo, mientras que el director iran\u00ed Jafar Panahi \u2014reciente ganador de la Palma de Oro en Cannes con It Was Just an Accident\u2014 ser\u00e1 uno de los grandes invitados de honor.<\/p>\n<p>As\u00ed,\u00a0<mark><strong>el Festival Internacional de Cine de Morelia se prepara para ser el punto de partida de una de las pel\u00edculas m\u00e1s anticipadas del a\u00f1o, al mismo tiempo que celebra el talento global y reafirma su lugar como un referente del cine de autor en el mundo.\u00a0<\/strong><\/mark><\/p>\n","protected":false},"excerpt":{"rendered":"<p>Guillermo del Toro\u00a0est\u00e1 listo para deslumbrar con su esperada versi\u00f3n de\u00a0Frankenstein, y el primer vistazo oficial ocurrir\u00e1 antes de su llegada a las salas de cine: el\u00a0Festival Internacional de Cine de Morelia (FICM)\u00a0ser\u00e1 el escenario elegido para su estreno exclusivo.\u00a0Esta presentaci\u00f3n formar\u00e1 parte de la programaci\u00f3n especial de la 23\u00aa edici\u00f3n del festival, que se [&hellip;]<\/p>\n","protected":false},"author":2,"featured_media":228727,"comment_status":"closed","ping_status":"closed","sticky":false,"template":"","format":"standard","meta":{"footnotes":""},"categories":[12870,219],"tags":[12865,12875],"class_list":["post-228726","post","type-post","status-publish","format-standard","has-post-thumbnail","hentry","category-destacadas","category-espectaculos","tag-destacadas","tag-espectaculos"],"jetpack_featured_media_url":"https:\/\/rnoticias.com.mx\/Portal\/wp-content\/uploads\/2025\/09\/f608x342-230242_259965_4932.webp","amp_enabled":true,"_links":{"self":[{"href":"https:\/\/rnoticias.com.mx\/Portal\/wp-json\/wp\/v2\/posts\/228726","targetHints":{"allow":["GET"]}}],"collection":[{"href":"https:\/\/rnoticias.com.mx\/Portal\/wp-json\/wp\/v2\/posts"}],"about":[{"href":"https:\/\/rnoticias.com.mx\/Portal\/wp-json\/wp\/v2\/types\/post"}],"author":[{"embeddable":true,"href":"https:\/\/rnoticias.com.mx\/Portal\/wp-json\/wp\/v2\/users\/2"}],"replies":[{"embeddable":true,"href":"https:\/\/rnoticias.com.mx\/Portal\/wp-json\/wp\/v2\/comments?post=228726"}],"version-history":[{"count":1,"href":"https:\/\/rnoticias.com.mx\/Portal\/wp-json\/wp\/v2\/posts\/228726\/revisions"}],"predecessor-version":[{"id":228728,"href":"https:\/\/rnoticias.com.mx\/Portal\/wp-json\/wp\/v2\/posts\/228726\/revisions\/228728"}],"wp:featuredmedia":[{"embeddable":true,"href":"https:\/\/rnoticias.com.mx\/Portal\/wp-json\/wp\/v2\/media\/228727"}],"wp:attachment":[{"href":"https:\/\/rnoticias.com.mx\/Portal\/wp-json\/wp\/v2\/media?parent=228726"}],"wp:term":[{"taxonomy":"category","embeddable":true,"href":"https:\/\/rnoticias.com.mx\/Portal\/wp-json\/wp\/v2\/categories?post=228726"},{"taxonomy":"post_tag","embeddable":true,"href":"https:\/\/rnoticias.com.mx\/Portal\/wp-json\/wp\/v2\/tags?post=228726"}],"curies":[{"name":"wp","href":"https:\/\/api.w.org\/{rel}","templated":true}]}}