{"id":228714,"date":"2025-09-05T07:51:00","date_gmt":"2025-09-05T14:51:00","guid":{"rendered":"https:\/\/rnoticias.com.mx\/Portal\/?p=228714"},"modified":"2025-09-05T07:51:00","modified_gmt":"2025-09-05T14:51:00","slug":"argentina-comienza-a-despedirse-de-messi-al-idolo-y-capitan","status":"publish","type":"post","link":"https:\/\/rnoticias.com.mx\/Portal\/2025\/09\/05\/argentina-comienza-a-despedirse-de-messi-al-idolo-y-capitan\/","title":{"rendered":"Argentina comienza a despedirse de Messi, al \u00eddolo y capit\u00e1n"},"content":{"rendered":"<p><strong>Argentina comenz\u00f3 este jueves a despedirse de Lionel Messi,<\/strong>\u00a0su capit\u00e1n y m\u00e1ximo \u00eddolo futbol\u00edstico de este siglo, que disputar\u00e1 hoy ante Venezuela su \u00faltimo partido oficial como local y ha causado ya una profunda emoci\u00f3n y nostalgia anticipada en el pa\u00eds suramericano.<\/p>\n<p>El rostro del futbolista de 38 a\u00f1os inund\u00f3 este jueves la ciudad de Buenos Aires, las tapas de los peri\u00f3dicos y las banderas, pancartas y camisetas de los 85.000 afortunados que consiguieron entradas para empezar a decirle adi\u00f3s.<\/p>\n<p>El astro argentino anunci\u00f3 la semana pasada que el duelo ante la &#8216;<strong>Vinotinto&#8217; por la pen\u00faltima fecha de eliminatorias para el Mundial 2026 ser\u00eda su \u00faltimo partido como local en eliminatorias, por lo que, ante la ausencia de otros compromisos por competiciones oficiales previstos en suelo argentino por al menos dos a\u00f1os, el choque de este jueves ser\u00e1 su \u00faltimo encuentro oficial en casa.<\/strong><\/p>\n<p><strong>&#8220;Gracias por todo mi capit\u00e1n&#8221;<\/strong>, le\u00eda un cartel inmenso que esperaba a &#8216;la Pulga&#8217; en el Estadio Monumental de Buenos Aires y desplegado junto a una ic\u00f3nica foto suya con la copa del mundo que decenas de miles de argentinos llevan ya tatuada en sus cuerpos.<\/p>\n<p>Entre los vendedores de estampillas con su rostro hay fan\u00e1ticos llegados de todo el pa\u00eds, que no logran ocultar la emoci\u00f3n ante la simple idea de empezar a despedir a su \u00eddolo.<\/p>\n<p><strong>&#8220;Te amo, Messi. Sos algo que no se explica con palabras sino que se lleva adentro. Gracias&#8221;,<\/strong>\u00a0dijo Agust\u00edn Y\u00e1\u00f1ez, quien lleg\u00f3 junto a su padre desde la periferia de Buenos Aires y que sue\u00f1a que su mensaje llegue al capit\u00e1n.<\/p>\n<p>Otro de los que viaj\u00f3 para despedir cara a cara a Messi fue Jorge \u00c1lvarez, procedente de Bah\u00eda Blanca, ciudad ubicada a unas ocho horas de Buenos Aires y afectada este a\u00f1o por un violento temporal que dej\u00f3 decenas de muertos y miles de personas con sus hogares bajo el agua.<\/p>\n<p><strong>&#8220;Nos dio un aliento muy grande para seguir, porque en Bah\u00eda Blanca la estuvimos pasando mal, y nos regalaron cosas muy lindas desde la selecci\u00f3n&#8221;<\/strong>, mencion\u00f3 \u00c1lvarez a EFE.<\/p>\n<p>&#8220;Deseo que esto no se termine nunca, que nunca termine Lionel porque sigue brillando a pesar de la edad y de todo, pero bueno, hay que respetarlo si prefiere descansar y dedicarse a su familia&#8221;, a\u00f1adi\u00f3.<\/p>\n<p>Messi es el jugador con m\u00e1s presencias en la selecci\u00f3n argentina y su m\u00e1ximo goleador por amplia diferencia, y en los \u00faltimos a\u00f1os ha logrado cuatro t\u00edtulos: dos copas Am\u00e9rica (2021 y 2024), la Finalissima 2022 y el Mundial de Catar 2022.<\/p>\n<p>Entre quienes acudieron al Monumental para expresarle su agradecimiento y devoci\u00f3n resalt\u00f3 la cantidad de ni\u00f1os y adolescentes, que nacieron y crecieron en l<strong>a &#8216;era Messi&#8217;.<\/strong><\/p>\n<p>Anal\u00eda Aquino lleg\u00f3 desde Merlo, localidad de la provincia de Buenos Aires, para que sus hijos pudieran ver cara a cara a su \u00eddolo: &#8220;Es un regalo inmenso para ellos ver la \u00faltima vez en casa del n\u00famero uno, de Messi, y estamos muy emocionados&#8221;.<\/p>\n<p><strong>&#8220;Lo amamos con todo el coraz\u00f3n, como el mundo entero&#8221;<\/strong>, concluy\u00f3.<\/p>\n<p>Fuente:EFE<\/p>\n","protected":false},"excerpt":{"rendered":"<p>Argentina comenz\u00f3 este jueves a despedirse de Lionel Messi,\u00a0su capit\u00e1n y m\u00e1ximo \u00eddolo futbol\u00edstico de este siglo, que disputar\u00e1 hoy ante Venezuela su \u00faltimo partido oficial como local y ha causado ya una profunda emoci\u00f3n y nostalgia anticipada en el pa\u00eds suramericano. El rostro del futbolista de 38 a\u00f1os inund\u00f3 este jueves la ciudad de [&hellip;]<\/p>\n","protected":false},"author":2,"featured_media":228715,"comment_status":"closed","ping_status":"closed","sticky":false,"template":"","format":"standard","meta":{"footnotes":""},"categories":[188,12870],"tags":[5231,12865],"class_list":["post-228714","post","type-post","status-publish","format-standard","has-post-thumbnail","hentry","category-deportes","category-destacadas","tag-deportes","tag-destacadas"],"jetpack_featured_media_url":"https:\/\/rnoticias.com.mx\/Portal\/wp-content\/uploads\/2025\/09\/G0C9ueaXUAACkgm.jpg","amp_enabled":true,"_links":{"self":[{"href":"https:\/\/rnoticias.com.mx\/Portal\/wp-json\/wp\/v2\/posts\/228714","targetHints":{"allow":["GET"]}}],"collection":[{"href":"https:\/\/rnoticias.com.mx\/Portal\/wp-json\/wp\/v2\/posts"}],"about":[{"href":"https:\/\/rnoticias.com.mx\/Portal\/wp-json\/wp\/v2\/types\/post"}],"author":[{"embeddable":true,"href":"https:\/\/rnoticias.com.mx\/Portal\/wp-json\/wp\/v2\/users\/2"}],"replies":[{"embeddable":true,"href":"https:\/\/rnoticias.com.mx\/Portal\/wp-json\/wp\/v2\/comments?post=228714"}],"version-history":[{"count":1,"href":"https:\/\/rnoticias.com.mx\/Portal\/wp-json\/wp\/v2\/posts\/228714\/revisions"}],"predecessor-version":[{"id":228716,"href":"https:\/\/rnoticias.com.mx\/Portal\/wp-json\/wp\/v2\/posts\/228714\/revisions\/228716"}],"wp:featuredmedia":[{"embeddable":true,"href":"https:\/\/rnoticias.com.mx\/Portal\/wp-json\/wp\/v2\/media\/228715"}],"wp:attachment":[{"href":"https:\/\/rnoticias.com.mx\/Portal\/wp-json\/wp\/v2\/media?parent=228714"}],"wp:term":[{"taxonomy":"category","embeddable":true,"href":"https:\/\/rnoticias.com.mx\/Portal\/wp-json\/wp\/v2\/categories?post=228714"},{"taxonomy":"post_tag","embeddable":true,"href":"https:\/\/rnoticias.com.mx\/Portal\/wp-json\/wp\/v2\/tags?post=228714"}],"curies":[{"name":"wp","href":"https:\/\/api.w.org\/{rel}","templated":true}]}}