{"id":228708,"date":"2025-09-05T07:32:53","date_gmt":"2025-09-05T14:32:53","guid":{"rendered":"https:\/\/rnoticias.com.mx\/Portal\/?p=228708"},"modified":"2025-09-05T07:32:53","modified_gmt":"2025-09-05T14:32:53","slug":"participara-gobierno-de-sonora-en-celebraciones-de-fiestas-patrias-en-estados-unidos-cobach","status":"publish","type":"post","link":"https:\/\/rnoticias.com.mx\/Portal\/2025\/09\/05\/participara-gobierno-de-sonora-en-celebraciones-de-fiestas-patrias-en-estados-unidos-cobach\/","title":{"rendered":"Participar\u00e1 Gobierno de Sonora en celebraciones de Fiestas Patrias en Estados Unidos: Cobach"},"content":{"rendered":"<p align=\"left\">Hermosillo, Sonora; 4 de septiembre de 2025.- Por cuarto a\u00f1o consecutivo, la Banda de Guerra y Escolta de Bandera del Colegio de Bachilleres del Estado de Sonora (Cobach) participar\u00e1 en el tradicional Grito de Independencia que organiza el Consulado General de M\u00e9xico en Phoenix, Arizona.<\/p>\n<p align=\"left\">Adem\u00e1s, el grupo folcl\u00f3rico Pitiqu\u00edn, del plantel Villa de Seris, y la Banda de Guerra del plantel Hermosillo V viajar\u00e1n a Santa Ana, California, donde formar\u00e1n parte de las actividades conmemorativas de una de las grandes transformaciones de M\u00e9xico.<\/p>\n<p align=\"left\">El director general de Cobach, Rodrigo Arturo Rosas Burgos, detall\u00f3 que, del 12 al 14 de septiembre, los j\u00f3venes de ambos planteles, acompa\u00f1ados de los docentes encargados Mart\u00edn Bernal Maldonado y Jes\u00fas Antonio Avitia Aguayo, participar\u00e1n en actos oficiales y ceremonias c\u00edvicas organizadas por la representaci\u00f3n mexicana en dicha localidad.<\/p>\n<p align=\"left\">Por otra parte, el 14 y 15 de septiembre, estudiantes de los planteles Villa de Seris, Reforma, Norte y Hermosillo V, con la gu\u00eda de Mario H\u00e9ctor Villanueva \u00c1vila y Leobardo Gast\u00e9lum Maldonado, se sumar\u00e1n a las celebraciones que se llevar\u00e1n a cabo en la Explanada del Capitolio de Arizona, dirigidas a la comunidad mexicana que radica en ese estado.<\/p>\n<p align=\"left\">Rosas Burgos resalt\u00f3 que las y los estudiantes que integran los diferentes grupos son la mejor representaci\u00f3n de Cobach y de la juventud sonorense en el extranjero, lo que llena de orgullo a la instituci\u00f3n y sirve como ejemplo de patriotismo y disciplina para sus compa\u00f1eros.<\/p>\n<p align=\"left\">La Banda de Guerra Monumental de Cobach Sonora, conformada por 232 alumnos que tocan tambor y corneta, ha engalanado los desfiles de Independencia y Revoluci\u00f3n Mexicana desde 1999 hasta la fecha, adem\u00e1s de participar en diversos eventos locales, nacionales e internacionales.<\/p>\n","protected":false},"excerpt":{"rendered":"<p>Hermosillo, Sonora; 4 de septiembre de 2025.- Por cuarto a\u00f1o consecutivo, la Banda de Guerra y Escolta de Bandera del Colegio de Bachilleres del Estado de Sonora (Cobach) participar\u00e1 en el tradicional Grito de Independencia que organiza el Consulado General de M\u00e9xico en Phoenix, Arizona. Adem\u00e1s, el grupo folcl\u00f3rico Pitiqu\u00edn, del plantel Villa de Seris, [&hellip;]<\/p>\n","protected":false},"author":2,"featured_media":228709,"comment_status":"closed","ping_status":"closed","sticky":false,"template":"","format":"standard","meta":{"footnotes":""},"categories":[12870,178],"tags":[12865,12869],"class_list":["post-228708","post","type-post","status-publish","format-standard","has-post-thumbnail","hentry","category-destacadas","category-local","tag-destacadas","tag-local"],"jetpack_featured_media_url":"https:\/\/rnoticias.com.mx\/Portal\/wp-content\/uploads\/2025\/09\/unnamed-16.jpg","amp_enabled":true,"_links":{"self":[{"href":"https:\/\/rnoticias.com.mx\/Portal\/wp-json\/wp\/v2\/posts\/228708","targetHints":{"allow":["GET"]}}],"collection":[{"href":"https:\/\/rnoticias.com.mx\/Portal\/wp-json\/wp\/v2\/posts"}],"about":[{"href":"https:\/\/rnoticias.com.mx\/Portal\/wp-json\/wp\/v2\/types\/post"}],"author":[{"embeddable":true,"href":"https:\/\/rnoticias.com.mx\/Portal\/wp-json\/wp\/v2\/users\/2"}],"replies":[{"embeddable":true,"href":"https:\/\/rnoticias.com.mx\/Portal\/wp-json\/wp\/v2\/comments?post=228708"}],"version-history":[{"count":1,"href":"https:\/\/rnoticias.com.mx\/Portal\/wp-json\/wp\/v2\/posts\/228708\/revisions"}],"predecessor-version":[{"id":228710,"href":"https:\/\/rnoticias.com.mx\/Portal\/wp-json\/wp\/v2\/posts\/228708\/revisions\/228710"}],"wp:featuredmedia":[{"embeddable":true,"href":"https:\/\/rnoticias.com.mx\/Portal\/wp-json\/wp\/v2\/media\/228709"}],"wp:attachment":[{"href":"https:\/\/rnoticias.com.mx\/Portal\/wp-json\/wp\/v2\/media?parent=228708"}],"wp:term":[{"taxonomy":"category","embeddable":true,"href":"https:\/\/rnoticias.com.mx\/Portal\/wp-json\/wp\/v2\/categories?post=228708"},{"taxonomy":"post_tag","embeddable":true,"href":"https:\/\/rnoticias.com.mx\/Portal\/wp-json\/wp\/v2\/tags?post=228708"}],"curies":[{"name":"wp","href":"https:\/\/api.w.org\/{rel}","templated":true}]}}