{"id":228705,"date":"2025-09-04T21:53:39","date_gmt":"2025-09-05T04:53:39","guid":{"rendered":"https:\/\/rnoticias.com.mx\/Portal\/?p=228705"},"modified":"2025-09-04T21:53:39","modified_gmt":"2025-09-05T04:53:39","slug":"perros-atacan-y-matan-a-bebe-de-seis-meses-en-tamaulipas","status":"publish","type":"post","link":"https:\/\/rnoticias.com.mx\/Portal\/2025\/09\/04\/perros-atacan-y-matan-a-bebe-de-seis-meses-en-tamaulipas\/","title":{"rendered":"Perros atacan y matan a beb\u00e9 de seis meses en Tamaulipas"},"content":{"rendered":"<p><mark>Una menor de tan solo seis meses de edad perdi\u00f3 la vida luego de que dos perros entraran al domicilio en el que se encontraba<\/mark>\u00a0y la atacaran bruscamente en la colonia Vista del Sol, en<strong>\u00a0Matamoros, Tamaulipas<\/strong>.<\/p>\n<p>De acuerdo con los reportes, la bebe y su hermanito de 4 a\u00f1os se encontraban al cuidado de su abuelito mientras su mam\u00e1 trabajaba.<\/p>\n<p>Se inform\u00f3 que<mark>\u00a0el abuelo de 63 a\u00f1os no se percat\u00f3 de la entrada de los canes, por lo que lamentablemente tomaron a la beb\u00e9 y comenzaron a atacarla.<\/mark><\/p>\n<p>El ni\u00f1o, que tambi\u00e9n \u00a0se encontraba al interior de la vivienda, asegur\u00f3 que los animales literalmente se comieron a su hermanita.<\/p>\n<p><mark>Vecinos del sector lograron rescatar el cuerpo de la beb\u00e9 para trasladarla a un hospital<\/mark>\u00a0privado a d\u00f3nde\u00a0<strong>desafortunadamente lleg\u00f3 sin vida<\/strong>.<\/p>\n<p>Hasta el domicilio de la Calle Asia en la Colonia Vista del Sol arrib\u00f3 personal de la\u00a0<strong>Procuradur\u00eda del DIF<\/strong>\u00a0y el grupo &#8220;Iv\u00e1n Rescata&#8221; quien\u00a0<mark>tendr\u00e1 bajo custodia a los dos canes hasta en tanto la Fiscal\u00eda define cu\u00e1l ser\u00e1 su destino.<\/mark><\/p>\n<p>Al Hospital San Charbel donde fue trasladada la menor acudieron los elementos de la Fiscal\u00eda de Tamaulipas para iniciar con las investigaciones correspondientes.<\/p>\n","protected":false},"excerpt":{"rendered":"<p>Una menor de tan solo seis meses de edad perdi\u00f3 la vida luego de que dos perros entraran al domicilio en el que se encontraba\u00a0y la atacaran bruscamente en la colonia Vista del Sol, en\u00a0Matamoros, Tamaulipas. De acuerdo con los reportes, la bebe y su hermanito de 4 a\u00f1os se encontraban al cuidado de su [&hellip;]<\/p>\n","protected":false},"author":2,"featured_media":228706,"comment_status":"closed","ping_status":"closed","sticky":false,"template":"","format":"standard","meta":{"footnotes":""},"categories":[12870,172],"tags":[12865,12874],"class_list":["post-228705","post","type-post","status-publish","format-standard","has-post-thumbnail","hentry","category-destacadas","category-nacional","tag-destacadas","tag-nacional"],"jetpack_featured_media_url":"https:\/\/rnoticias.com.mx\/Portal\/wp-content\/uploads\/2025\/09\/muere-bebe-ataque-perros-pitbull.webp","amp_enabled":true,"_links":{"self":[{"href":"https:\/\/rnoticias.com.mx\/Portal\/wp-json\/wp\/v2\/posts\/228705","targetHints":{"allow":["GET"]}}],"collection":[{"href":"https:\/\/rnoticias.com.mx\/Portal\/wp-json\/wp\/v2\/posts"}],"about":[{"href":"https:\/\/rnoticias.com.mx\/Portal\/wp-json\/wp\/v2\/types\/post"}],"author":[{"embeddable":true,"href":"https:\/\/rnoticias.com.mx\/Portal\/wp-json\/wp\/v2\/users\/2"}],"replies":[{"embeddable":true,"href":"https:\/\/rnoticias.com.mx\/Portal\/wp-json\/wp\/v2\/comments?post=228705"}],"version-history":[{"count":1,"href":"https:\/\/rnoticias.com.mx\/Portal\/wp-json\/wp\/v2\/posts\/228705\/revisions"}],"predecessor-version":[{"id":228707,"href":"https:\/\/rnoticias.com.mx\/Portal\/wp-json\/wp\/v2\/posts\/228705\/revisions\/228707"}],"wp:featuredmedia":[{"embeddable":true,"href":"https:\/\/rnoticias.com.mx\/Portal\/wp-json\/wp\/v2\/media\/228706"}],"wp:attachment":[{"href":"https:\/\/rnoticias.com.mx\/Portal\/wp-json\/wp\/v2\/media?parent=228705"}],"wp:term":[{"taxonomy":"category","embeddable":true,"href":"https:\/\/rnoticias.com.mx\/Portal\/wp-json\/wp\/v2\/categories?post=228705"},{"taxonomy":"post_tag","embeddable":true,"href":"https:\/\/rnoticias.com.mx\/Portal\/wp-json\/wp\/v2\/tags?post=228705"}],"curies":[{"name":"wp","href":"https:\/\/api.w.org\/{rel}","templated":true}]}}