{"id":228702,"date":"2025-09-04T21:42:59","date_gmt":"2025-09-05T04:42:59","guid":{"rendered":"https:\/\/rnoticias.com.mx\/Portal\/?p=228702"},"modified":"2025-09-04T21:42:59","modified_gmt":"2025-09-05T04:42:59","slug":"esta-fue-la-apelacion-presentada-por-el-abogado-de-julio-cesar-chavez-jr","status":"publish","type":"post","link":"https:\/\/rnoticias.com.mx\/Portal\/2025\/09\/04\/esta-fue-la-apelacion-presentada-por-el-abogado-de-julio-cesar-chavez-jr\/","title":{"rendered":"Esta fue la apelaci\u00f3n presentada por el abogado de Julio C\u00e9sar Ch\u00e1vez Jr"},"content":{"rendered":"<p>El abogado de\u00a0<strong>Julio C\u00e9sar Ch\u00e1vez Jr.<\/strong>, Rub\u00e9n Fernando Ben\u00edtez, present\u00f3 una apelaci\u00f3n contra la vinculaci\u00f3n a proceso de su cliente, tras ser imputado por delitos de delincuencia organizada y tr\u00e1fico de armas.<\/p>\n<p>Seg\u00fan Ben\u00edtez,\u00a0los datos presentados por la Fiscal\u00eda son insuficientes para sustentar la vinculaci\u00f3n a proceso\u00a0y considera que el tribunal deber\u00eda revocar esta decisi\u00f3n. La apelaci\u00f3n fue interpuesta el 27 de agosto de 2025, coincidiendo casi simult\u00e1neamente con la apelaci\u00f3n de la Fiscal\u00eda General de la Rep\u00fablica (FGR) sobre la libertad provisional de Ch\u00e1vez Jr.<\/p>\n<p><strong>Ben\u00edtez critic\u00f3 el recurso de apelaci\u00f3n presentado por la FGR<\/strong>, calific\u00e1ndolo de &#8220;pobre&#8221; y acusando a la Fiscal\u00eda de recurrir de manera sistem\u00e1tica sin justificar un agravio real. En entrevista con Ciro G\u00f3mez Leyva, el abogado expres\u00f3 su desconcierto por la insistencia de la FGR en apelar, lo que, seg\u00fan \u00e9l, refleja una falta de comprensi\u00f3n del nuevo sistema de justicia penal, que se aleja de la actitud acusatoria y recurrente del sistema anterior.<\/p>\n<p>En su apelaci\u00f3n,\u00a0Ben\u00edtez subray\u00f3 que no existen pruebas contundentes para vincular a\u00a0Ch\u00e1vez\u00a0Jr. a los delitos que se le imputan, y conf\u00eda en que el tribunal coincida con su criterio y revoque la vinculaci\u00f3n. La defensa considera que los elementos presentados por la FGR son insuficientes y carecen de fundamento para justificar la acusaci\u00f3n formal contra el exboxeador.<\/p>\n<p>Mientras tanto, la FGR ha apelado la decisi\u00f3n del juez que permiti\u00f3 que Ch\u00e1vez Jr. enfrentara el proceso en libertad provisional. La Fiscal\u00eda argumenta que, debido a los delitos imputados, deber\u00eda haberse impuesto la prisi\u00f3n preventiva oficiosa, como lo establece el art\u00edculo 19 constitucional. Esta apelaci\u00f3n busca revertir las medidas cautelares dictadas por el juez y reingresar al boxeador a prisi\u00f3n.<\/p>\n<p><strong>El pr\u00f3ximo paso ser\u00e1 que un Tribunal Colegiado de Apelaci\u00f3n revise ambas apelaciones y decida si Ch\u00e1vez Jr. contin\u00faa en libertad provisional o regresa a prisi\u00f3n<\/strong>. La resoluci\u00f3n podr\u00eda demorar hasta tres meses, coincidiendo con el plazo para la investigaci\u00f3n complementaria. La pr\u00f3xima audiencia en este caso est\u00e1 programada para el 24 de noviembre de 2025, donde se evaluar\u00e1n los avances del proceso judicial.<\/p>\n","protected":false},"excerpt":{"rendered":"<p>El abogado de\u00a0Julio C\u00e9sar Ch\u00e1vez Jr., Rub\u00e9n Fernando Ben\u00edtez, present\u00f3 una apelaci\u00f3n contra la vinculaci\u00f3n a proceso de su cliente, tras ser imputado por delitos de delincuencia organizada y tr\u00e1fico de armas. Seg\u00fan Ben\u00edtez,\u00a0los datos presentados por la Fiscal\u00eda son insuficientes para sustentar la vinculaci\u00f3n a proceso\u00a0y considera que el tribunal deber\u00eda revocar esta decisi\u00f3n. [&hellip;]<\/p>\n","protected":false},"author":2,"featured_media":228703,"comment_status":"closed","ping_status":"closed","sticky":false,"template":"","format":"standard","meta":{"footnotes":""},"categories":[188,12870],"tags":[5231,12865],"class_list":["post-228702","post","type-post","status-publish","format-standard","has-post-thumbnail","hentry","category-deportes","category-destacadas","tag-deportes","tag-destacadas"],"jetpack_featured_media_url":"https:\/\/rnoticias.com.mx\/Portal\/wp-content\/uploads\/2025\/09\/julio-cesar-chavez-jr-fgr-1080x675-1.webp","amp_enabled":true,"_links":{"self":[{"href":"https:\/\/rnoticias.com.mx\/Portal\/wp-json\/wp\/v2\/posts\/228702","targetHints":{"allow":["GET"]}}],"collection":[{"href":"https:\/\/rnoticias.com.mx\/Portal\/wp-json\/wp\/v2\/posts"}],"about":[{"href":"https:\/\/rnoticias.com.mx\/Portal\/wp-json\/wp\/v2\/types\/post"}],"author":[{"embeddable":true,"href":"https:\/\/rnoticias.com.mx\/Portal\/wp-json\/wp\/v2\/users\/2"}],"replies":[{"embeddable":true,"href":"https:\/\/rnoticias.com.mx\/Portal\/wp-json\/wp\/v2\/comments?post=228702"}],"version-history":[{"count":1,"href":"https:\/\/rnoticias.com.mx\/Portal\/wp-json\/wp\/v2\/posts\/228702\/revisions"}],"predecessor-version":[{"id":228704,"href":"https:\/\/rnoticias.com.mx\/Portal\/wp-json\/wp\/v2\/posts\/228702\/revisions\/228704"}],"wp:featuredmedia":[{"embeddable":true,"href":"https:\/\/rnoticias.com.mx\/Portal\/wp-json\/wp\/v2\/media\/228703"}],"wp:attachment":[{"href":"https:\/\/rnoticias.com.mx\/Portal\/wp-json\/wp\/v2\/media?parent=228702"}],"wp:term":[{"taxonomy":"category","embeddable":true,"href":"https:\/\/rnoticias.com.mx\/Portal\/wp-json\/wp\/v2\/categories?post=228702"},{"taxonomy":"post_tag","embeddable":true,"href":"https:\/\/rnoticias.com.mx\/Portal\/wp-json\/wp\/v2\/tags?post=228702"}],"curies":[{"name":"wp","href":"https:\/\/api.w.org\/{rel}","templated":true}]}}