{"id":228696,"date":"2025-09-04T21:37:24","date_gmt":"2025-09-05T04:37:24","guid":{"rendered":"https:\/\/rnoticias.com.mx\/Portal\/?p=228696"},"modified":"2025-09-04T21:37:24","modified_gmt":"2025-09-05T04:37:24","slug":"llama-gabriela-felix-a-legislar-bajo-acuerdos-y-no-violentando-las-leyes-en-el-congreso-de-sonora","status":"publish","type":"post","link":"https:\/\/rnoticias.com.mx\/Portal\/2025\/09\/04\/llama-gabriela-felix-a-legislar-bajo-acuerdos-y-no-violentando-las-leyes-en-el-congreso-de-sonora\/","title":{"rendered":"Llama Gabriela F\u00e9lix a legislar bajo acuerdos y no violentando las leyes en el Congreso de Sonora"},"content":{"rendered":"<p>Hermosillo, Sonora; 4 de septiembre de 2025.- La diputada Gabriela F\u00e9lix, en nombre de la Bancada Naranja, present\u00f3 la agenda legislativa de Movimiento Ciudadano para el Tercer Periodo Ordinario del Congreso de Sonora.<\/p>\n<p>El Grupo Parlamentario se ha consolidado como una alternativa seria y propositiva, basando su agenda de trabajo en causas ciudadanas. Su objetivo es analizar cada tema con la responsabilidad que merece y, cuando sea necesario, actuar como un contrapeso cr\u00edtico ante el poder desenfrenado.<\/p>\n<p>En los primeros 365 d\u00edas, la Bancada de Naranja se ha consolidado como una alternativa seria y propositiva; con 23 iniciativas y 30 posicionamientos.<\/p>\n<p>\u201cCreemos en una agenda de trabajo basada en causas, pero cuando se amerite, seremos un contrapeso real y cr\u00edtico del poder desenfrenado; \u00e9se que se genera cuando se pierde el equilibrio, los principios, el respeto y la congruencia de los liderazgos, donde quieran que estos est\u00e9n; pero, sobre todo, de los m\u00e1s fuertes, los que se encuentran ejerciendo el poder\u201d.<\/p>\n<p>\u201cPor eso, ni M\u00e9xico ni Sonora han avanzado, porque se cambia de color, pero no la misma forma de hacer pol\u00edtica: la avaricia, el control; el alejarse de la realidad que viven las familias, los ni\u00f1os, las ni\u00f1as, los j\u00f3venes. Apostamos por una nueva forma de gobernar: donde la funci\u00f3n p\u00fablica se ejerza desde el inter\u00e9s por servir y no por beneficios personales\u201d, mencion\u00f3 Gabriela F\u00e9lix.<\/p>\n<p>El trabajo legislativo de Movimiento Ciudadano para el tercer periodo ordinario se va centrar en varios puntos esenciales: consolidar una agenda que construya los cimientos de una ni\u00f1ez plena y libre de violencia; buscar que las leyes existentes garanticen el acceso de todos los derechos, para todas las personas; fomentar los espacios verdes y cuidado del agua; apostar a la educaci\u00f3n, porque no se debe seguir permitiendo que, en M\u00e9xico, origen sea destino.<\/p>\n<p>Adem\u00e1s, el grupo denunci\u00f3 que en el \u00faltimo a\u00f1o se ha violentado la Ley Org\u00e1nica del Congreso del Estado de Sonora para beneficiar los objetivos de la mayor\u00eda.<\/p>\n<p>Se\u00f1al\u00f3 que se ha evitado la rendici\u00f3n de cuentas de funcionarios estatales, se ha abandonado el debate que enriquece las ideas y se ha perdido la oportunidad de discutir el gasto p\u00fablico antes de su aprobaci\u00f3n.<\/p>\n<p>\u201cEquivocado est\u00e1 quien crea que, con una mayor\u00eda calificada, no es necesario legislar desde los acuerdos. Mientras se siga socavando el derecho departicipaci\u00f3n pol\u00edtica de las minor\u00edas, siempre se ser\u00e1 una voz cr\u00edtica de los errores de las mayor\u00edas\u201d, se\u00f1al\u00f3 F\u00e9lix.<\/p>\n<p>La agenda apuesta por un Congreso Abierto, que legisle desde la transparencia, que escuche a la ciudadan\u00eda sin simular, pues las sillas son temporales, pero el inter\u00e9s por un mejor Sonora, no debe serlo.<\/p>\n<p>Gabriela F\u00e9lix concluy\u00f3 diciendo que \u201cno hay soluciones sencillas a problemas complejos; por ello, aprovecharemos cada espacio que se nos brinde para contribuir al desarrollo de Sonora.<\/p>\n<p>Refrendamos nuestro compromiso deseguir trabajando con la misma entrega, con apertura para escuchar y con la convicci\u00f3n de que el servicio p\u00fablico se honra sirviendo\u201d.<\/p>\n","protected":false},"excerpt":{"rendered":"<p>Hermosillo, Sonora; 4 de septiembre de 2025.- La diputada Gabriela F\u00e9lix, en nombre de la Bancada Naranja, present\u00f3 la agenda legislativa de Movimiento Ciudadano para el Tercer Periodo Ordinario del Congreso de Sonora. El Grupo Parlamentario se ha consolidado como una alternativa seria y propositiva, basando su agenda de trabajo en causas ciudadanas. Su objetivo [&hellip;]<\/p>\n","protected":false},"author":2,"featured_media":228697,"comment_status":"closed","ping_status":"closed","sticky":false,"template":"","format":"standard","meta":{"footnotes":""},"categories":[12870,12868],"tags":[12865,12879],"class_list":["post-228696","post","type-post","status-publish","format-standard","has-post-thumbnail","hentry","category-destacadas","category-politica","tag-destacadas","tag-politica"],"jetpack_featured_media_url":"https:\/\/rnoticias.com.mx\/Portal\/wp-content\/uploads\/2025\/09\/ee58268c-a837-4fea-b923-2dd6e5ab2373.jpg","amp_enabled":true,"_links":{"self":[{"href":"https:\/\/rnoticias.com.mx\/Portal\/wp-json\/wp\/v2\/posts\/228696","targetHints":{"allow":["GET"]}}],"collection":[{"href":"https:\/\/rnoticias.com.mx\/Portal\/wp-json\/wp\/v2\/posts"}],"about":[{"href":"https:\/\/rnoticias.com.mx\/Portal\/wp-json\/wp\/v2\/types\/post"}],"author":[{"embeddable":true,"href":"https:\/\/rnoticias.com.mx\/Portal\/wp-json\/wp\/v2\/users\/2"}],"replies":[{"embeddable":true,"href":"https:\/\/rnoticias.com.mx\/Portal\/wp-json\/wp\/v2\/comments?post=228696"}],"version-history":[{"count":1,"href":"https:\/\/rnoticias.com.mx\/Portal\/wp-json\/wp\/v2\/posts\/228696\/revisions"}],"predecessor-version":[{"id":228698,"href":"https:\/\/rnoticias.com.mx\/Portal\/wp-json\/wp\/v2\/posts\/228696\/revisions\/228698"}],"wp:featuredmedia":[{"embeddable":true,"href":"https:\/\/rnoticias.com.mx\/Portal\/wp-json\/wp\/v2\/media\/228697"}],"wp:attachment":[{"href":"https:\/\/rnoticias.com.mx\/Portal\/wp-json\/wp\/v2\/media?parent=228696"}],"wp:term":[{"taxonomy":"category","embeddable":true,"href":"https:\/\/rnoticias.com.mx\/Portal\/wp-json\/wp\/v2\/categories?post=228696"},{"taxonomy":"post_tag","embeddable":true,"href":"https:\/\/rnoticias.com.mx\/Portal\/wp-json\/wp\/v2\/tags?post=228696"}],"curies":[{"name":"wp","href":"https:\/\/api.w.org\/{rel}","templated":true}]}}