{"id":228690,"date":"2025-09-04T21:26:35","date_gmt":"2025-09-05T04:26:35","guid":{"rendered":"https:\/\/rnoticias.com.mx\/Portal\/?p=228690"},"modified":"2025-09-04T21:26:35","modified_gmt":"2025-09-05T04:26:35","slug":"investigaciones-en-caso-sec-revelan-un-dano-patrimonial-cercano-a-los-290-millones-de-pesos-fas","status":"publish","type":"post","link":"https:\/\/rnoticias.com.mx\/Portal\/2025\/09\/04\/investigaciones-en-caso-sec-revelan-un-dano-patrimonial-cercano-a-los-290-millones-de-pesos-fas\/","title":{"rendered":"Investigaciones en caso SEC revelan un da\u00f1o patrimonial cercano a los 290 millones de pesos: FAS"},"content":{"rendered":"<p>Hermosillo, Sonora, 4 de septiembre de 2025.- El da\u00f1o patrimonial resultado de los delitos de peculado imputados a ex funcionarios de la Secretar\u00eda de Educaci\u00f3n y Cultura asciende a un monto aproximado de 290 millones de pesos, revel\u00f3 el Fiscal Anticorrupci\u00f3n de Sonora, Mauricio Ibarra Romo, esto tras la vinculaci\u00f3n a proceso de Jos\u00e9 V\u00edctor \u201cN\u201d y Francisco Alberto \u201cN\u201d.<\/p>\n<p>El titular de la FAS Sonora detall\u00f3 que la denuncia se interpuso en septiembre de 2021 y tras una investigaci\u00f3n exhaustiva se ha integrado una carpeta de investigaci\u00f3n s\u00f3lida, misma que ha servido para acreditar ante el Juez la probable responsabilidad de los imputados, quienes actualmente se encuentran en un Centro de Reinserci\u00f3n Social (CERESO) bajo la medida cautelar de prisi\u00f3n preventiva justificada.<\/p>\n<p>Detall\u00f3 tambi\u00e9n que el hecho que se imputa a los se\u00f1alados comprende un desv\u00edo de recursos del presupuesto de la dependencia hacia una empresa particular, la cual nunca cumpli\u00f3 con lo ofrecido y adem\u00e1s se transfirieron fondos sin las autorizaciones debidas, a lo largo de los ejercicios fiscales de 2018, 2019, 2020 y 2021, llegando a un monto total que ronda los ya mencionados 290 millones de pesos.<\/p>\n<p>\u201cEst\u00e1n acusados de peculado y de incumplimiento de un deber legal. El caso de peculado es porque durante los cuatro ejercicios fiscales desviaron recursos que son procedentes de la partida 1000, que es servicios personales, la desviaron para otro prop\u00f3sito, para la contrataci\u00f3n de un esquema de beneficios m\u00faltiples, as\u00ed lo llamaron\u201d, explic\u00f3.<\/p>\n<p>Estos recursos, agreg\u00f3, estaban destinados a servicios personales de los trabajadores, tales como n\u00f3minas y diversas prestaciones, y fueron depositados en fideicomisos, primero en un banco y despu\u00e9s en una Sociedad Financiera de Objeto Limitado (SOFOL).<\/p>\n<p>Por estos hechos, mencion\u00f3, se cuenta adem\u00e1s con otras \u00f3rdenes de aprehensi\u00f3n por ejecutarse en contra de ex servidores p\u00fablicos, as\u00ed como un particular, quienes tambi\u00e9n figuran como probables responsables en este esquema de corrupci\u00f3n.<\/p>\n<p>Por \u00faltimo, agreg\u00f3 que se mantendr\u00e1 informada a la opini\u00f3n p\u00fablica una vez que se avance en el caso, acorde a los tiempos procesales<\/p>\n","protected":false},"excerpt":{"rendered":"<p>Hermosillo, Sonora, 4 de septiembre de 2025.- El da\u00f1o patrimonial resultado de los delitos de peculado imputados a ex funcionarios de la Secretar\u00eda de Educaci\u00f3n y Cultura asciende a un monto aproximado de 290 millones de pesos, revel\u00f3 el Fiscal Anticorrupci\u00f3n de Sonora, Mauricio Ibarra Romo, esto tras la vinculaci\u00f3n a proceso de Jos\u00e9 V\u00edctor [&hellip;]<\/p>\n","protected":false},"author":2,"featured_media":228691,"comment_status":"closed","ping_status":"closed","sticky":false,"template":"","format":"standard","meta":{"footnotes":""},"categories":[12870,178],"tags":[12865,12869],"class_list":["post-228690","post","type-post","status-publish","format-standard","has-post-thumbnail","hentry","category-destacadas","category-local","tag-destacadas","tag-local"],"jetpack_featured_media_url":"https:\/\/rnoticias.com.mx\/Portal\/wp-content\/uploads\/2025\/09\/92436fe6-735e-4a04-9cb9-3e98fe0d3ab5.jpg","amp_enabled":true,"_links":{"self":[{"href":"https:\/\/rnoticias.com.mx\/Portal\/wp-json\/wp\/v2\/posts\/228690","targetHints":{"allow":["GET"]}}],"collection":[{"href":"https:\/\/rnoticias.com.mx\/Portal\/wp-json\/wp\/v2\/posts"}],"about":[{"href":"https:\/\/rnoticias.com.mx\/Portal\/wp-json\/wp\/v2\/types\/post"}],"author":[{"embeddable":true,"href":"https:\/\/rnoticias.com.mx\/Portal\/wp-json\/wp\/v2\/users\/2"}],"replies":[{"embeddable":true,"href":"https:\/\/rnoticias.com.mx\/Portal\/wp-json\/wp\/v2\/comments?post=228690"}],"version-history":[{"count":1,"href":"https:\/\/rnoticias.com.mx\/Portal\/wp-json\/wp\/v2\/posts\/228690\/revisions"}],"predecessor-version":[{"id":228692,"href":"https:\/\/rnoticias.com.mx\/Portal\/wp-json\/wp\/v2\/posts\/228690\/revisions\/228692"}],"wp:featuredmedia":[{"embeddable":true,"href":"https:\/\/rnoticias.com.mx\/Portal\/wp-json\/wp\/v2\/media\/228691"}],"wp:attachment":[{"href":"https:\/\/rnoticias.com.mx\/Portal\/wp-json\/wp\/v2\/media?parent=228690"}],"wp:term":[{"taxonomy":"category","embeddable":true,"href":"https:\/\/rnoticias.com.mx\/Portal\/wp-json\/wp\/v2\/categories?post=228690"},{"taxonomy":"post_tag","embeddable":true,"href":"https:\/\/rnoticias.com.mx\/Portal\/wp-json\/wp\/v2\/tags?post=228690"}],"curies":[{"name":"wp","href":"https:\/\/api.w.org\/{rel}","templated":true}]}}