{"id":228684,"date":"2025-09-04T20:06:25","date_gmt":"2025-09-05T03:06:25","guid":{"rendered":"https:\/\/rnoticias.com.mx\/Portal\/?p=228684"},"modified":"2025-09-04T20:06:25","modified_gmt":"2025-09-05T03:06:25","slug":"bomberos-refuerza-costa-de-hermosillo-por-lluvias","status":"publish","type":"post","link":"https:\/\/rnoticias.com.mx\/Portal\/2025\/09\/04\/bomberos-refuerza-costa-de-hermosillo-por-lluvias\/","title":{"rendered":"&#8220;Bomberos refuerza costa de Hermosillo por lluvias&#8221;"},"content":{"rendered":"<p>Hermosillo, Sonora. Bomberos de Hermosillo refuerza personal en la costa ante el posible aumento de lluvias, como parte de un operativo preventivo destinado a garantizar una respuesta inmediata ante cualquier contingencia clim\u00e1tica que pudiera afectar a las comunidades costeras.<\/p>\n<p>&nbsp;<\/p>\n<p>Juan Francisco Matty Ortega, Comandante de Bomberos, coment\u00f3 que esa medida responde a los pron\u00f3sticos meteorol\u00f3gicos que advierten sobre un incremento en la actividad de lluvias en la regi\u00f3n durante los pr\u00f3ximos d\u00edas, lo que podr\u00eda derivar en afectaciones como inundaciones, deslaves o interrupciones en las v\u00edas de comunicaci\u00f3n.<\/p>\n<p>&nbsp;<\/p>\n<p>\u201cEl personal desplazado incluye elementos capacitados en rescate acu\u00e1tico, primeros auxilios y atenci\u00f3n a desastres, adem\u00e1s de equipo especializado para enfrentar emergencias\u201d, cont\u00f3.<\/p>\n<p>&nbsp;<\/p>\n<p>Finalmente dijo, que el operativo permanecer\u00e1 activo el tiempo que sea necesario.<\/p>\n","protected":false},"excerpt":{"rendered":"<p>Hermosillo, Sonora. Bomberos de Hermosillo refuerza personal en la costa ante el posible aumento de lluvias, como parte de un operativo preventivo destinado a garantizar una respuesta inmediata ante cualquier contingencia clim\u00e1tica que pudiera afectar a las comunidades costeras. &nbsp; Juan Francisco Matty Ortega, Comandante de Bomberos, coment\u00f3 que esa medida responde a los pron\u00f3sticos [&hellip;]<\/p>\n","protected":false},"author":2,"featured_media":228685,"comment_status":"closed","ping_status":"closed","sticky":false,"template":"","format":"standard","meta":{"footnotes":""},"categories":[12870,178],"tags":[12865,12869],"class_list":["post-228684","post","type-post","status-publish","format-standard","has-post-thumbnail","hentry","category-destacadas","category-local","tag-destacadas","tag-local"],"jetpack_featured_media_url":"https:\/\/rnoticias.com.mx\/Portal\/wp-content\/uploads\/2025\/09\/snapshot.webp","amp_enabled":true,"_links":{"self":[{"href":"https:\/\/rnoticias.com.mx\/Portal\/wp-json\/wp\/v2\/posts\/228684","targetHints":{"allow":["GET"]}}],"collection":[{"href":"https:\/\/rnoticias.com.mx\/Portal\/wp-json\/wp\/v2\/posts"}],"about":[{"href":"https:\/\/rnoticias.com.mx\/Portal\/wp-json\/wp\/v2\/types\/post"}],"author":[{"embeddable":true,"href":"https:\/\/rnoticias.com.mx\/Portal\/wp-json\/wp\/v2\/users\/2"}],"replies":[{"embeddable":true,"href":"https:\/\/rnoticias.com.mx\/Portal\/wp-json\/wp\/v2\/comments?post=228684"}],"version-history":[{"count":1,"href":"https:\/\/rnoticias.com.mx\/Portal\/wp-json\/wp\/v2\/posts\/228684\/revisions"}],"predecessor-version":[{"id":228686,"href":"https:\/\/rnoticias.com.mx\/Portal\/wp-json\/wp\/v2\/posts\/228684\/revisions\/228686"}],"wp:featuredmedia":[{"embeddable":true,"href":"https:\/\/rnoticias.com.mx\/Portal\/wp-json\/wp\/v2\/media\/228685"}],"wp:attachment":[{"href":"https:\/\/rnoticias.com.mx\/Portal\/wp-json\/wp\/v2\/media?parent=228684"}],"wp:term":[{"taxonomy":"category","embeddable":true,"href":"https:\/\/rnoticias.com.mx\/Portal\/wp-json\/wp\/v2\/categories?post=228684"},{"taxonomy":"post_tag","embeddable":true,"href":"https:\/\/rnoticias.com.mx\/Portal\/wp-json\/wp\/v2\/tags?post=228684"}],"curies":[{"name":"wp","href":"https:\/\/api.w.org\/{rel}","templated":true}]}}