{"id":228678,"date":"2025-09-04T19:54:53","date_gmt":"2025-09-05T02:54:53","guid":{"rendered":"https:\/\/rnoticias.com.mx\/Portal\/?p=228678"},"modified":"2025-09-04T19:54:53","modified_gmt":"2025-09-05T02:54:53","slug":"gobernador-durazo-y-presidenta-sheinbaum-refuerzan-estrategia-de-seguridad-binacional-en-sonora","status":"publish","type":"post","link":"https:\/\/rnoticias.com.mx\/Portal\/2025\/09\/04\/gobernador-durazo-y-presidenta-sheinbaum-refuerzan-estrategia-de-seguridad-binacional-en-sonora\/","title":{"rendered":"Gobernador Durazo y Presidenta Sheinbaum refuerzan estrategia de Seguridad binacional en Sonora"},"content":{"rendered":"<p>Ciudad de M\u00e9xico; 4 de septiembre de 2025.- El trabajo coordinado entre el gobernador Alfonso Durazo Monta\u00f1o y el Gobierno de M\u00e9xico ha logrado fortalecer las acciones de la estrategia binacional a favor de la protecci\u00f3n y salvaguarda de la integridad de las familias sonorenses, con resultados que fueron presentados en la reuni\u00f3n del Gabinete de Seguridad Nacional encabezada por la presidenta Claudia Sheinbaum Pardo, y en el encuentro con Ronald Johnson, embajador de Estados Unidos en M\u00e9xico para la sesi\u00f3n de la Mesa Estatal de Seguridad.<\/p>\n<p>En la reuni\u00f3n del Gabinete de Seguridad Nacional celebrada en Ciudad de M\u00e9xico, tambi\u00e9n encabezada por Omar Garc\u00eda Harfuch, secretario de Seguridad y Protecci\u00f3n Ciudadana de M\u00e9xico; estuvo presente el gobernador Alfonso Durazo Monta\u00f1o y presidente municipal de Cajeme, Javier Lamarque Cano, donde se abordaron acciones conjuntas para reforzar la tendencia a la baja de la incidencia delictiva en la regi\u00f3n.<\/p>\n<p>\u201cEn Sonora seguimos trabajando en coordinaci\u00f3n con el gobierno federal para fortalecer las acciones preventivas que garanticen orden, paz y tranquilidad a nuestras familias\u201d, indic\u00f3 el gobernador Durazo Monta\u00f1o.<\/p>\n<p>Gracias a la estrategia de seguridad del gobernador Alfonso Durazo Monta\u00f1o, en coordinaci\u00f3n con el Gobierno de M\u00e9xico, durante el mes de julio se registr\u00f3 una disminuci\u00f3n en los delitos de alto impacto, contra la vida y la integridad corporal del 16 por ciento; el delito de lesiones se redujo 10 por ciento y los il\u00edcitos contra la libertad y la seguridad sexual como abuso, hostigamiento y acoso disminuyeron un 13.4 por ciento, de acuerdo con datos del Secretariado Ejecutivo del Sistema Nacional de Seguridad P\u00fablica (SESNSP).<\/p>\n<p>En seguimiento al modelo integral binacional, el gobernador Alfonso Durazo Monta\u00f1o reconoci\u00f3 las acciones de la primera Divisi\u00f3n de Operaciones Fronterizas creada para la protecci\u00f3n de los ciudadanos de ambos lados de la frontera, durante la reuni\u00f3n en Hermosillo con el embajador de Estados Unidos en M\u00e9xico, Ronald Johnson, con quien encabez\u00f3 una sesi\u00f3n de la Mesa Estatal de Seguridad para abordar estrategias conjuntas.<\/p>\n","protected":false},"excerpt":{"rendered":"<p>Ciudad de M\u00e9xico; 4 de septiembre de 2025.- El trabajo coordinado entre el gobernador Alfonso Durazo Monta\u00f1o y el Gobierno de M\u00e9xico ha logrado fortalecer las acciones de la estrategia binacional a favor de la protecci\u00f3n y salvaguarda de la integridad de las familias sonorenses, con resultados que fueron presentados en la reuni\u00f3n del Gabinete [&hellip;]<\/p>\n","protected":false},"author":2,"featured_media":228679,"comment_status":"closed","ping_status":"closed","sticky":false,"template":"","format":"standard","meta":{"footnotes":""},"categories":[12870,178],"tags":[12865,12869],"class_list":["post-228678","post","type-post","status-publish","format-standard","has-post-thumbnail","hentry","category-destacadas","category-local","tag-destacadas","tag-local"],"jetpack_featured_media_url":"https:\/\/rnoticias.com.mx\/Portal\/wp-content\/uploads\/2025\/09\/unnamed-15.jpg","amp_enabled":true,"_links":{"self":[{"href":"https:\/\/rnoticias.com.mx\/Portal\/wp-json\/wp\/v2\/posts\/228678","targetHints":{"allow":["GET"]}}],"collection":[{"href":"https:\/\/rnoticias.com.mx\/Portal\/wp-json\/wp\/v2\/posts"}],"about":[{"href":"https:\/\/rnoticias.com.mx\/Portal\/wp-json\/wp\/v2\/types\/post"}],"author":[{"embeddable":true,"href":"https:\/\/rnoticias.com.mx\/Portal\/wp-json\/wp\/v2\/users\/2"}],"replies":[{"embeddable":true,"href":"https:\/\/rnoticias.com.mx\/Portal\/wp-json\/wp\/v2\/comments?post=228678"}],"version-history":[{"count":1,"href":"https:\/\/rnoticias.com.mx\/Portal\/wp-json\/wp\/v2\/posts\/228678\/revisions"}],"predecessor-version":[{"id":228680,"href":"https:\/\/rnoticias.com.mx\/Portal\/wp-json\/wp\/v2\/posts\/228678\/revisions\/228680"}],"wp:featuredmedia":[{"embeddable":true,"href":"https:\/\/rnoticias.com.mx\/Portal\/wp-json\/wp\/v2\/media\/228679"}],"wp:attachment":[{"href":"https:\/\/rnoticias.com.mx\/Portal\/wp-json\/wp\/v2\/media?parent=228678"}],"wp:term":[{"taxonomy":"category","embeddable":true,"href":"https:\/\/rnoticias.com.mx\/Portal\/wp-json\/wp\/v2\/categories?post=228678"},{"taxonomy":"post_tag","embeddable":true,"href":"https:\/\/rnoticias.com.mx\/Portal\/wp-json\/wp\/v2\/tags?post=228678"}],"curies":[{"name":"wp","href":"https:\/\/api.w.org\/{rel}","templated":true}]}}