{"id":228666,"date":"2025-09-04T17:03:56","date_gmt":"2025-09-05T00:03:56","guid":{"rendered":"https:\/\/rnoticias.com.mx\/Portal\/?p=228666"},"modified":"2025-09-04T17:03:56","modified_gmt":"2025-09-05T00:03:56","slug":"secretaria-de-bienestar-detiene-operaciones-en-sonora-como-medida-preventiva-ante-el-huracan-lorena","status":"publish","type":"post","link":"https:\/\/rnoticias.com.mx\/Portal\/2025\/09\/04\/secretaria-de-bienestar-detiene-operaciones-en-sonora-como-medida-preventiva-ante-el-huracan-lorena\/","title":{"rendered":"Secretar\u00eda de Bienestar detiene operaciones en Sonora como medida preventiva ante el hurac\u00e1n Lorena"},"content":{"rendered":"<p>Hermosillo, Sonora. La Secretar\u00eda de Bienestar inform\u00f3 la suspensi\u00f3n temporal de sus actividades en la entidad debido a los efectos del hurac\u00e1n Lorena sobre la costa sonorense.<\/p>\n<p>&nbsp;<\/p>\n<p>Octavio Almada Palafox, delegado estatal de la dependencia, explic\u00f3 que esa decisi\u00f3n desde oficinas centrales, busca priorizar la seguridad de la poblaci\u00f3n y de los beneficiarios de los distintos programas sociales.<\/p>\n<p>&nbsp;<\/p>\n<p>\u201cLa medida es de car\u00e1cter preventivo y tendr\u00e1 vigencia hasta que las condiciones meteorol\u00f3gicas permitan reanudar los trabajos. Lo fundamental en este momento es salvaguardar la integridad de la gente; por eso pedimos atender las indicaciones de Protecci\u00f3n Civil y de las autoridades en los tres niveles de gobierno\u201d, se\u00f1al\u00f3.<\/p>\n<p>&nbsp;<\/p>\n<p>El funcionario subray\u00f3 que los apoyos y pagos correspondientes a los programas federales est\u00e1n garantizados, por lo que no habr\u00e1 afectaciones para los derechohabientes. Una vez superada la emergencia, la Secretar\u00eda dar\u00e1 a conocer las fechas para retomar la agenda programada en Sonora.<\/p>\n","protected":false},"excerpt":{"rendered":"<p>Hermosillo, Sonora. La Secretar\u00eda de Bienestar inform\u00f3 la suspensi\u00f3n temporal de sus actividades en la entidad debido a los efectos del hurac\u00e1n Lorena sobre la costa sonorense. &nbsp; Octavio Almada Palafox, delegado estatal de la dependencia, explic\u00f3 que esa decisi\u00f3n desde oficinas centrales, busca priorizar la seguridad de la poblaci\u00f3n y de los beneficiarios de [&hellip;]<\/p>\n","protected":false},"author":2,"featured_media":228667,"comment_status":"closed","ping_status":"closed","sticky":false,"template":"","format":"standard","meta":{"footnotes":""},"categories":[12870,178],"tags":[12865,12869],"class_list":["post-228666","post","type-post","status-publish","format-standard","has-post-thumbnail","hentry","category-destacadas","category-local","tag-destacadas","tag-local"],"jetpack_featured_media_url":"https:\/\/rnoticias.com.mx\/Portal\/wp-content\/uploads\/2025\/09\/895dff92-d856-4e3d-897d-72fc0d0e0dd7-e1751478354455.webp","amp_enabled":true,"_links":{"self":[{"href":"https:\/\/rnoticias.com.mx\/Portal\/wp-json\/wp\/v2\/posts\/228666","targetHints":{"allow":["GET"]}}],"collection":[{"href":"https:\/\/rnoticias.com.mx\/Portal\/wp-json\/wp\/v2\/posts"}],"about":[{"href":"https:\/\/rnoticias.com.mx\/Portal\/wp-json\/wp\/v2\/types\/post"}],"author":[{"embeddable":true,"href":"https:\/\/rnoticias.com.mx\/Portal\/wp-json\/wp\/v2\/users\/2"}],"replies":[{"embeddable":true,"href":"https:\/\/rnoticias.com.mx\/Portal\/wp-json\/wp\/v2\/comments?post=228666"}],"version-history":[{"count":1,"href":"https:\/\/rnoticias.com.mx\/Portal\/wp-json\/wp\/v2\/posts\/228666\/revisions"}],"predecessor-version":[{"id":228668,"href":"https:\/\/rnoticias.com.mx\/Portal\/wp-json\/wp\/v2\/posts\/228666\/revisions\/228668"}],"wp:featuredmedia":[{"embeddable":true,"href":"https:\/\/rnoticias.com.mx\/Portal\/wp-json\/wp\/v2\/media\/228667"}],"wp:attachment":[{"href":"https:\/\/rnoticias.com.mx\/Portal\/wp-json\/wp\/v2\/media?parent=228666"}],"wp:term":[{"taxonomy":"category","embeddable":true,"href":"https:\/\/rnoticias.com.mx\/Portal\/wp-json\/wp\/v2\/categories?post=228666"},{"taxonomy":"post_tag","embeddable":true,"href":"https:\/\/rnoticias.com.mx\/Portal\/wp-json\/wp\/v2\/tags?post=228666"}],"curies":[{"name":"wp","href":"https:\/\/api.w.org\/{rel}","templated":true}]}}