{"id":228662,"date":"2025-09-04T16:59:56","date_gmt":"2025-09-04T23:59:56","guid":{"rendered":"https:\/\/rnoticias.com.mx\/Portal\/?p=228662"},"modified":"2025-09-04T16:59:56","modified_gmt":"2025-09-04T23:59:56","slug":"gobierno-de-sonora-informa-que-se-esperan-lluvias-de-fuertes-a-muy-fuertes-en-las-proximas-horas","status":"publish","type":"post","link":"https:\/\/rnoticias.com.mx\/Portal\/2025\/09\/04\/gobierno-de-sonora-informa-que-se-esperan-lluvias-de-fuertes-a-muy-fuertes-en-las-proximas-horas\/","title":{"rendered":"Gobierno de Sonora informa que se esperan lluvias de fuertes a muy fuertes en las pr\u00f3ximas horas"},"content":{"rendered":"<p align=\"left\">Hermosillo, Sonora; 4 de septiembre de 2025.- El Gobierno de Sonora, a trav\u00e9s de la Coordinaci\u00f3n Estatal de Protecci\u00f3n Civil (CEPC), informa que se esperan lluvias de fuertes a muy fuertes durante este d\u00eda en el territorio estatal.<\/p>\n<p align=\"left\">Actualmente contin\u00faa en vigilancia el cicl\u00f3n tropical Lorena, que se encuentra en el Oc\u00e9ano Pac\u00edfico. Se prev\u00e9 que mantenga su desplazamiento paralelo a la costa de Baja California Sur y, al internarse en tierra, enfrente condiciones poco favorables, por lo que comenzar\u00e1 a perder fuerza en aquella regi\u00f3n.<\/p>\n<p align=\"left\">No obstante, sus bandas nubosas aportar\u00e1n humedad significativa al estado de Sonora, originando lluvias de fuertes a muy fuertes en todo el territorio sonorense en el periodo del 4 al 7 de septiembre.<\/p>\n<p align=\"left\">Adem\u00e1s, se esperan rachas de viento fuertes (superiores a 60 km\/h) y oleaje de 2.5 a 3 metros de altura sobre las costas del sur de Sonora durante el viernes.<\/p>\n<p align=\"left\">A su vez, los efectos del monz\u00f3n mexicano, en interacci\u00f3n con divergencia y con la humedad aportada por el cicl\u00f3n tropical Lorena, ocasionar\u00e1n tormentas el\u00e9ctricas con lluvias de fuertes a muy fuertes (25 a 75 mm), as\u00ed como rachas de viento intensas (mayores a 60 km\/h) sobre el oriente, sur, norte, nororiente y centro de la entidad, principalmente en horario vespertino.<\/p>\n<p align=\"left\">Armando Casta\u00f1eda S\u00e1nchez, coordinador estatal de Protecci\u00f3n Civil, llam\u00f3 a la poblaci\u00f3n a tomar precauciones, como evitar viajes en carretera en la medida de lo posible y, de realizarlos, no exceder los l\u00edmites de velocidad, conducir con atenci\u00f3n y estar pendientes de la humedad en la cinta asf\u00e1ltica, as\u00ed como de posibles derrumbes en zonas de monta\u00f1a.<\/p>\n<p align=\"left\">En los hogares se recomienda verificar las condiciones de los desag\u00fces y asegurarse de que arroyos y canales no est\u00e9n obstruidos por basura.<\/p>\n<p align=\"left\">Ante cualquier emergencia, se debe marcar a la l\u00ednea telef\u00f3nica 9-1-1.<\/p>\n","protected":false},"excerpt":{"rendered":"<p>Hermosillo, Sonora; 4 de septiembre de 2025.- El Gobierno de Sonora, a trav\u00e9s de la Coordinaci\u00f3n Estatal de Protecci\u00f3n Civil (CEPC), informa que se esperan lluvias de fuertes a muy fuertes durante este d\u00eda en el territorio estatal. Actualmente contin\u00faa en vigilancia el cicl\u00f3n tropical Lorena, que se encuentra en el Oc\u00e9ano Pac\u00edfico. Se prev\u00e9 [&hellip;]<\/p>\n","protected":false},"author":2,"featured_media":228663,"comment_status":"closed","ping_status":"closed","sticky":false,"template":"","format":"standard","meta":{"footnotes":""},"categories":[12870,178],"tags":[12865,12869],"class_list":["post-228662","post","type-post","status-publish","format-standard","has-post-thumbnail","hentry","category-destacadas","category-local","tag-destacadas","tag-local"],"jetpack_featured_media_url":"https:\/\/rnoticias.com.mx\/Portal\/wp-content\/uploads\/2025\/09\/unnamed-14.jpg","amp_enabled":true,"_links":{"self":[{"href":"https:\/\/rnoticias.com.mx\/Portal\/wp-json\/wp\/v2\/posts\/228662","targetHints":{"allow":["GET"]}}],"collection":[{"href":"https:\/\/rnoticias.com.mx\/Portal\/wp-json\/wp\/v2\/posts"}],"about":[{"href":"https:\/\/rnoticias.com.mx\/Portal\/wp-json\/wp\/v2\/types\/post"}],"author":[{"embeddable":true,"href":"https:\/\/rnoticias.com.mx\/Portal\/wp-json\/wp\/v2\/users\/2"}],"replies":[{"embeddable":true,"href":"https:\/\/rnoticias.com.mx\/Portal\/wp-json\/wp\/v2\/comments?post=228662"}],"version-history":[{"count":1,"href":"https:\/\/rnoticias.com.mx\/Portal\/wp-json\/wp\/v2\/posts\/228662\/revisions"}],"predecessor-version":[{"id":228664,"href":"https:\/\/rnoticias.com.mx\/Portal\/wp-json\/wp\/v2\/posts\/228662\/revisions\/228664"}],"wp:featuredmedia":[{"embeddable":true,"href":"https:\/\/rnoticias.com.mx\/Portal\/wp-json\/wp\/v2\/media\/228663"}],"wp:attachment":[{"href":"https:\/\/rnoticias.com.mx\/Portal\/wp-json\/wp\/v2\/media?parent=228662"}],"wp:term":[{"taxonomy":"category","embeddable":true,"href":"https:\/\/rnoticias.com.mx\/Portal\/wp-json\/wp\/v2\/categories?post=228662"},{"taxonomy":"post_tag","embeddable":true,"href":"https:\/\/rnoticias.com.mx\/Portal\/wp-json\/wp\/v2\/tags?post=228662"}],"curies":[{"name":"wp","href":"https:\/\/api.w.org\/{rel}","templated":true}]}}