{"id":228656,"date":"2025-09-04T15:48:01","date_gmt":"2025-09-04T22:48:01","guid":{"rendered":"https:\/\/rnoticias.com.mx\/Portal\/?p=228656"},"modified":"2025-09-04T15:48:01","modified_gmt":"2025-09-04T22:48:01","slug":"congreso-de-campeche-aprueba-ley-para-expropiar-terrenos-particulares","status":"publish","type":"post","link":"https:\/\/rnoticias.com.mx\/Portal\/2025\/09\/04\/congreso-de-campeche-aprueba-ley-para-expropiar-terrenos-particulares\/","title":{"rendered":"Congreso de Campeche aprueba ley para expropiar terrenos particulares"},"content":{"rendered":"<p>El\u00a0<strong>Congreso de Campeche<\/strong>\u00a0aprob\u00f3 una\u00a0<strong>ley<\/strong>\u00a0que permite\u00a0<strong>expropiar<\/strong>\u00a0a particulares<strong>\u00a0terrenos y predios<\/strong>\u00a0que las autoridades consideren de &#8220;utilidad p\u00fablica&#8221;.<\/p>\n<p>La iniciativa, impulsada por la gobernadora de Campeche,\u00a0<strong>Layda Sansores<\/strong>, establece que los afectados tendr\u00e1n \u00fanicamente cinco d\u00edas para defenderse o perder\u00e1n sus tierras o predios. Avalada con mayor\u00eda de\u00a0<strong>Morena<\/strong>\u00a0(18 votos a favor y 13 en contra), la reforma plantea que la\u00a0<strong>Secretar\u00eda de Gobierno<\/strong>\u00a0emita las declaratorias de utilidad p\u00fablica y que la\u00a0<strong>Secretar\u00eda de Finanzas<\/strong>\u00a0determine el pago de indemnizaci\u00f3n.<\/p>\n<p>El dictamen detalla que la declaratoria de\u00a0<strong>utilidad p\u00fablica<\/strong>\u00a0se publicar\u00e1 en el\u00a0<strong>Peri\u00f3dico Oficial del estado<\/strong>\u00a0y se notificar\u00e1 personalmente a los due\u00f1os de los bienes y derechos. En caso de ignorarse habr\u00e1 una segunda notificaci\u00f3n por el mismo medio que deber\u00e1 realizarse dentro de los cinco d\u00edas h\u00e1biles siguientes a la primera publicaci\u00f3n.<\/p>\n<p>Esta ley ha causado\u00a0<strong>pol\u00e9mica<\/strong>\u00a0y una gran controversia, adem\u00e1s de que se especula que la aplicar\u00edan contra el ex gobernador y hoy Senador,\u00a0<strong>Alejandro Moreno C\u00e1rdenas<\/strong>, a quien se le expropiar\u00eda varias de sus\u00a0<strong>propiedades<\/strong>\u00a0en esa localidad.<\/p>\n<p>&nbsp;<\/p>\n<p>Fuente: El Universal,<\/p>\n","protected":false},"excerpt":{"rendered":"<p>El\u00a0Congreso de Campeche\u00a0aprob\u00f3 una\u00a0ley\u00a0que permite\u00a0expropiar\u00a0a particulares\u00a0terrenos y predios\u00a0que las autoridades consideren de &#8220;utilidad p\u00fablica&#8221;. La iniciativa, impulsada por la gobernadora de Campeche,\u00a0Layda Sansores, establece que los afectados tendr\u00e1n \u00fanicamente cinco d\u00edas para defenderse o perder\u00e1n sus tierras o predios. Avalada con mayor\u00eda de\u00a0Morena\u00a0(18 votos a favor y 13 en contra), la reforma plantea que la\u00a0Secretar\u00eda [&hellip;]<\/p>\n","protected":false},"author":2,"featured_media":228657,"comment_status":"closed","ping_status":"closed","sticky":false,"template":"","format":"standard","meta":{"footnotes":""},"categories":[12870,172],"tags":[12865,12874],"class_list":["post-228656","post","type-post","status-publish","format-standard","has-post-thumbnail","hentry","category-destacadas","category-nacional","tag-destacadas","tag-nacional"],"jetpack_featured_media_url":"https:\/\/rnoticias.com.mx\/Portal\/wp-content\/uploads\/2025\/09\/542140734_1240428041457652_928925774698284129_n.webp","amp_enabled":true,"_links":{"self":[{"href":"https:\/\/rnoticias.com.mx\/Portal\/wp-json\/wp\/v2\/posts\/228656","targetHints":{"allow":["GET"]}}],"collection":[{"href":"https:\/\/rnoticias.com.mx\/Portal\/wp-json\/wp\/v2\/posts"}],"about":[{"href":"https:\/\/rnoticias.com.mx\/Portal\/wp-json\/wp\/v2\/types\/post"}],"author":[{"embeddable":true,"href":"https:\/\/rnoticias.com.mx\/Portal\/wp-json\/wp\/v2\/users\/2"}],"replies":[{"embeddable":true,"href":"https:\/\/rnoticias.com.mx\/Portal\/wp-json\/wp\/v2\/comments?post=228656"}],"version-history":[{"count":1,"href":"https:\/\/rnoticias.com.mx\/Portal\/wp-json\/wp\/v2\/posts\/228656\/revisions"}],"predecessor-version":[{"id":228658,"href":"https:\/\/rnoticias.com.mx\/Portal\/wp-json\/wp\/v2\/posts\/228656\/revisions\/228658"}],"wp:featuredmedia":[{"embeddable":true,"href":"https:\/\/rnoticias.com.mx\/Portal\/wp-json\/wp\/v2\/media\/228657"}],"wp:attachment":[{"href":"https:\/\/rnoticias.com.mx\/Portal\/wp-json\/wp\/v2\/media?parent=228656"}],"wp:term":[{"taxonomy":"category","embeddable":true,"href":"https:\/\/rnoticias.com.mx\/Portal\/wp-json\/wp\/v2\/categories?post=228656"},{"taxonomy":"post_tag","embeddable":true,"href":"https:\/\/rnoticias.com.mx\/Portal\/wp-json\/wp\/v2\/tags?post=228656"}],"curies":[{"name":"wp","href":"https:\/\/api.w.org\/{rel}","templated":true}]}}