{"id":228653,"date":"2025-09-04T15:46:51","date_gmt":"2025-09-04T22:46:51","guid":{"rendered":"https:\/\/rnoticias.com.mx\/Portal\/?p=228653"},"modified":"2025-09-04T15:46:51","modified_gmt":"2025-09-04T22:46:51","slug":"remanentes-de-lorena-traeran-mas-lluvias-al-sur-y-centro-de-sonora-conagua","status":"publish","type":"post","link":"https:\/\/rnoticias.com.mx\/Portal\/2025\/09\/04\/remanentes-de-lorena-traeran-mas-lluvias-al-sur-y-centro-de-sonora-conagua\/","title":{"rendered":"Remanentes de Lorena traer\u00e1n m\u00e1s lluvias al sur y centro de Sonora: Conagua"},"content":{"rendered":"<p>Hermosillo, Sonora. La influencia de la tormenta tropical Lorena continuar\u00e1 generando humedad sobre Sonora, lo que provocar\u00e1 precipitaciones durante este jueves 4 de septiembre, inform\u00f3 Gilberto Lagarda Vazquez.<\/p>\n<p>&nbsp;<\/p>\n<p>El especialista t\u00e9cnico de Conagua, se\u00f1al\u00f3 que cicl\u00f3n tropical se localiz\u00f3 esta ma\u00f1ana a 225 kil\u00f3metros al oeste de Cabo San L\u00e1zaro, en Baja California Sur, con vientos sostenidos de 95 kil\u00f3metros por hora y rachas de hasta 110.<\/p>\n<p>&nbsp;<\/p>\n<p>\u201cActualmente se desplaza hacia el noroeste a 11 kil\u00f3metros por hora, en proceso de debilitamiento. Se prev\u00e9 que el sistema se disipe entre la noche del viernes y la madrugada del s\u00e1bado, sus remanentes seguir\u00e1n favoreciendo lluvias en el sur, centro y zona serrana de Sonora, donde podr\u00edan registrarse acumulaciones superiores a los 50 mil\u00edmetros\u201d, dijo.<\/p>\n<p>&nbsp;<\/p>\n<p>Lagarda V\u00e1zquez, a\u00f1adi\u00f3 que los riesgos por fuertes vientos han disminuido considerablemente, pero las autoridades llaman a la poblaci\u00f3n a estar atenta ante posibles precipitaciones intensas que se esperan en pr\u00f3ximas horas.<\/p>\n<p>&nbsp;<\/p>\n","protected":false},"excerpt":{"rendered":"<p>Hermosillo, Sonora. La influencia de la tormenta tropical Lorena continuar\u00e1 generando humedad sobre Sonora, lo que provocar\u00e1 precipitaciones durante este jueves 4 de septiembre, inform\u00f3 Gilberto Lagarda Vazquez. &nbsp; El especialista t\u00e9cnico de Conagua, se\u00f1al\u00f3 que cicl\u00f3n tropical se localiz\u00f3 esta ma\u00f1ana a 225 kil\u00f3metros al oeste de Cabo San L\u00e1zaro, en Baja California Sur, [&hellip;]<\/p>\n","protected":false},"author":2,"featured_media":228654,"comment_status":"closed","ping_status":"closed","sticky":false,"template":"","format":"standard","meta":{"footnotes":""},"categories":[12870,178],"tags":[12865,12869],"class_list":["post-228653","post","type-post","status-publish","format-standard","has-post-thumbnail","hentry","category-destacadas","category-local","tag-destacadas","tag-local"],"jetpack_featured_media_url":"https:\/\/rnoticias.com.mx\/Portal\/wp-content\/uploads\/2025\/09\/Lorena-5.jpg","amp_enabled":true,"_links":{"self":[{"href":"https:\/\/rnoticias.com.mx\/Portal\/wp-json\/wp\/v2\/posts\/228653","targetHints":{"allow":["GET"]}}],"collection":[{"href":"https:\/\/rnoticias.com.mx\/Portal\/wp-json\/wp\/v2\/posts"}],"about":[{"href":"https:\/\/rnoticias.com.mx\/Portal\/wp-json\/wp\/v2\/types\/post"}],"author":[{"embeddable":true,"href":"https:\/\/rnoticias.com.mx\/Portal\/wp-json\/wp\/v2\/users\/2"}],"replies":[{"embeddable":true,"href":"https:\/\/rnoticias.com.mx\/Portal\/wp-json\/wp\/v2\/comments?post=228653"}],"version-history":[{"count":1,"href":"https:\/\/rnoticias.com.mx\/Portal\/wp-json\/wp\/v2\/posts\/228653\/revisions"}],"predecessor-version":[{"id":228655,"href":"https:\/\/rnoticias.com.mx\/Portal\/wp-json\/wp\/v2\/posts\/228653\/revisions\/228655"}],"wp:featuredmedia":[{"embeddable":true,"href":"https:\/\/rnoticias.com.mx\/Portal\/wp-json\/wp\/v2\/media\/228654"}],"wp:attachment":[{"href":"https:\/\/rnoticias.com.mx\/Portal\/wp-json\/wp\/v2\/media?parent=228653"}],"wp:term":[{"taxonomy":"category","embeddable":true,"href":"https:\/\/rnoticias.com.mx\/Portal\/wp-json\/wp\/v2\/categories?post=228653"},{"taxonomy":"post_tag","embeddable":true,"href":"https:\/\/rnoticias.com.mx\/Portal\/wp-json\/wp\/v2\/tags?post=228653"}],"curies":[{"name":"wp","href":"https:\/\/api.w.org\/{rel}","templated":true}]}}