{"id":228650,"date":"2025-09-04T15:45:36","date_gmt":"2025-09-04T22:45:36","guid":{"rendered":"https:\/\/rnoticias.com.mx\/Portal\/?p=228650"},"modified":"2025-09-04T15:45:36","modified_gmt":"2025-09-04T22:45:36","slug":"colombiana-avala-ley-que-prohibe-corridas-de-toros-peleas-de-gallos-y-cabalgatas","status":"publish","type":"post","link":"https:\/\/rnoticias.com.mx\/Portal\/2025\/09\/04\/colombiana-avala-ley-que-prohibe-corridas-de-toros-peleas-de-gallos-y-cabalgatas\/","title":{"rendered":"Colombiana avala ley que proh\u00edbe corridas de toros, peleas de gallos y cabalgatas"},"content":{"rendered":"<p>La\u00a0<strong>Corte Constitucional de Colombia aval\u00f3 este viernes la ley aprobada por el Congreso en mayo de 2024 que proh\u00edbe las corridas de toros y a\u00f1adi\u00f3 al veto las peleas de gallos<\/strong>, las cabalgatas y el coleo, que consiste en derribar ganado desde un caballo.<\/p>\n<p>La Sala Plena de la Corte declar\u00f3\u00a0<strong>&#8220;ajustada a la Constituci\u00f3n&#8221; la ley que dispone &#8220;una transformaci\u00f3n cultural mediante la prohibici\u00f3n de las corridas de toros, rejoneo, novilladas, becerradas y tientas&#8221; e incluy\u00f3 &#8220;las cabalgatas, las actividades sobre los toros coleados, las corralejas y las peleas de gallos&#8221;.<\/strong><\/p>\n<p>La ley, firmada por el presidente Gustavo Petro en julio de 2024,\u00a0<strong>estableci\u00f3 un periodo de transici\u00f3n de tres a\u00f1os para dise\u00f1ar un programa de reconversi\u00f3n econ\u00f3mica de los afectados por el cese de las corridas de toros,<\/strong>\u00a0por lo que est\u00e1 previsto que la norma comience a regir en 2027.<\/p>\n<p>Colombia estaba en la lista de ocho pa\u00edses que permit\u00edan las corridas de toros como una actividad legal,\u00a0<strong>junto a Espa\u00f1a, Portugal, Francia, Ecuador, M\u00e9xico, Per\u00fa y Venezuela, pero pasar\u00e1 en 2027 a la de los que proh\u00edben la tauromaquia.<\/strong><\/p>\n<p>Los toros y la tauromaquia han sido un tema pol\u00e9mico de la agenda pol\u00edtica y legislativa del pa\u00eds en los \u00faltimos a\u00f1os, con varios intentos de promover en el Congreso una ley que los prohibiera hasta 2024, cuando fue aprobada finalmente.<\/p>\n<p>Las corridas de toros, tradicionalmente populares en Colombia, fueron perdiendo seguidores y en la actualidad solo las hay en las plazas de Cali (suroeste) y Manizales (centro), ciudad que<strong>\u00a0tiene la afici\u00f3n m\u00e1s grande del pa\u00eds, as\u00ed como en algunos escenarios de pueblos de provincia.<\/strong><\/p>\n","protected":false},"excerpt":{"rendered":"<p>La\u00a0Corte Constitucional de Colombia aval\u00f3 este viernes la ley aprobada por el Congreso en mayo de 2024 que proh\u00edbe las corridas de toros y a\u00f1adi\u00f3 al veto las peleas de gallos, las cabalgatas y el coleo, que consiste en derribar ganado desde un caballo. La Sala Plena de la Corte declar\u00f3\u00a0&#8220;ajustada a la Constituci\u00f3n&#8221; la [&hellip;]<\/p>\n","protected":false},"author":2,"featured_media":228651,"comment_status":"closed","ping_status":"closed","sticky":false,"template":"","format":"standard","meta":{"footnotes":""},"categories":[12870,182],"tags":[12865,12871],"class_list":["post-228650","post","type-post","status-publish","format-standard","has-post-thumbnail","hentry","category-destacadas","category-internacional","tag-destacadas","tag-internacional"],"jetpack_featured_media_url":"https:\/\/rnoticias.com.mx\/Portal\/wp-content\/uploads\/2025\/09\/e1b09649d940bff01e9b3c295c53b04e.webp","amp_enabled":true,"_links":{"self":[{"href":"https:\/\/rnoticias.com.mx\/Portal\/wp-json\/wp\/v2\/posts\/228650","targetHints":{"allow":["GET"]}}],"collection":[{"href":"https:\/\/rnoticias.com.mx\/Portal\/wp-json\/wp\/v2\/posts"}],"about":[{"href":"https:\/\/rnoticias.com.mx\/Portal\/wp-json\/wp\/v2\/types\/post"}],"author":[{"embeddable":true,"href":"https:\/\/rnoticias.com.mx\/Portal\/wp-json\/wp\/v2\/users\/2"}],"replies":[{"embeddable":true,"href":"https:\/\/rnoticias.com.mx\/Portal\/wp-json\/wp\/v2\/comments?post=228650"}],"version-history":[{"count":1,"href":"https:\/\/rnoticias.com.mx\/Portal\/wp-json\/wp\/v2\/posts\/228650\/revisions"}],"predecessor-version":[{"id":228652,"href":"https:\/\/rnoticias.com.mx\/Portal\/wp-json\/wp\/v2\/posts\/228650\/revisions\/228652"}],"wp:featuredmedia":[{"embeddable":true,"href":"https:\/\/rnoticias.com.mx\/Portal\/wp-json\/wp\/v2\/media\/228651"}],"wp:attachment":[{"href":"https:\/\/rnoticias.com.mx\/Portal\/wp-json\/wp\/v2\/media?parent=228650"}],"wp:term":[{"taxonomy":"category","embeddable":true,"href":"https:\/\/rnoticias.com.mx\/Portal\/wp-json\/wp\/v2\/categories?post=228650"},{"taxonomy":"post_tag","embeddable":true,"href":"https:\/\/rnoticias.com.mx\/Portal\/wp-json\/wp\/v2\/tags?post=228650"}],"curies":[{"name":"wp","href":"https:\/\/api.w.org\/{rel}","templated":true}]}}