{"id":228623,"date":"2025-09-03T22:47:17","date_gmt":"2025-09-04T05:47:17","guid":{"rendered":"https:\/\/rnoticias.com.mx\/Portal\/?p=228623"},"modified":"2025-09-03T22:47:17","modified_gmt":"2025-09-04T05:47:17","slug":"gobierno-de-sonora-garantiza-desayunos-escolares-para-mas-de-191-mil-ninas-ninos-y-adolescentes-en-el-nuevo-ciclo-escolar","status":"publish","type":"post","link":"https:\/\/rnoticias.com.mx\/Portal\/2025\/09\/03\/gobierno-de-sonora-garantiza-desayunos-escolares-para-mas-de-191-mil-ninas-ninos-y-adolescentes-en-el-nuevo-ciclo-escolar\/","title":{"rendered":"Gobierno de Sonora garantiza desayunos escolares para m\u00e1s de 191 mil ni\u00f1as, ni\u00f1os y adolescentes en el nuevo ciclo escolar"},"content":{"rendered":"<p align=\"justify\">Hermosillo, Sonora; 3 de septiembre de 2025.- Gracias al compromiso del gobernador Alfonso Durazo con la seguridad alimentaria, el Programa de Alimentaci\u00f3n Escolar alcanzar\u00e1 en el ciclo 2025-2026 la cobertura m\u00e1s amplia de su historia, beneficiando a 191 mil 692 ni\u00f1as, ni\u00f1os y adolescentes de educaci\u00f3n b\u00e1sica.<\/p>\n<p align=\"justify\">El Gobierno de Sonora, a trav\u00e9s del Sistema DIF Estatal, distribuir\u00e1 m\u00e1s de 29 millones 677 mil raciones alimentarias en tres mil 118 escuelas p\u00fablicas, en el marco de la Estrategia Escuelas al 100, que garantiza un desayuno nutritivo a estudiantes en situaci\u00f3n de vulnerabilidad durante el ciclo escolar.<\/p>\n<p align=\"justify\">El Programa de Alimentaci\u00f3n Escolar tiene como objetivo contribuir a la seguridad alimentaria de ni\u00f1as, ni\u00f1os y adolescentes en condiciones de vulnerabilidad que asisten a planteles p\u00fablicos del Sistema Educativo Nacional. Para ello, entrega desayunos escolares fr\u00edos o calientes, dise\u00f1ados con base en criterios de calidad nutricional e inocuidad, con pertinencia cultural y acompa\u00f1ados de acciones de orientaci\u00f3n y educaci\u00f3n alimentaria.<\/p>\n<p align=\"justify\">La directora general del Sistema DIF Sonora, Lizeth Teresita V\u00e1squez Ochoa, expres\u00f3 que la operaci\u00f3n de este programa abarca los 72 municipios del estado, con especial atenci\u00f3n a zonas ind\u00edgenas, rurales y urbanas con alto y muy alto grado de marginaci\u00f3n, lo que representa un apoyo directo a la econom\u00eda familiar y fortalece el desarrollo integral de la ni\u00f1ez y adolescencia sonorense.<\/p>\n<p align=\"justify\">En comparaci\u00f3n con ciclos anteriores, el padr\u00f3n de beneficiarios ha crecido de manera sostenida. Este avance responde a una pol\u00edtica p\u00fablica orientada a garantizar que ning\u00fan estudiante inicie su jornada sin un desayuno completo.<\/p>\n","protected":false},"excerpt":{"rendered":"<p>Hermosillo, Sonora; 3 de septiembre de 2025.- Gracias al compromiso del gobernador Alfonso Durazo con la seguridad alimentaria, el Programa de Alimentaci\u00f3n Escolar alcanzar\u00e1 en el ciclo 2025-2026 la cobertura m\u00e1s amplia de su historia, beneficiando a 191 mil 692 ni\u00f1as, ni\u00f1os y adolescentes de educaci\u00f3n b\u00e1sica. El Gobierno de Sonora, a trav\u00e9s del Sistema [&hellip;]<\/p>\n","protected":false},"author":2,"featured_media":228624,"comment_status":"closed","ping_status":"closed","sticky":false,"template":"","format":"standard","meta":{"footnotes":""},"categories":[12870,178],"tags":[12865,12869],"class_list":["post-228623","post","type-post","status-publish","format-standard","has-post-thumbnail","hentry","category-destacadas","category-local","tag-destacadas","tag-local"],"jetpack_featured_media_url":"https:\/\/rnoticias.com.mx\/Portal\/wp-content\/uploads\/2025\/09\/unnamed-13.jpg","amp_enabled":true,"_links":{"self":[{"href":"https:\/\/rnoticias.com.mx\/Portal\/wp-json\/wp\/v2\/posts\/228623","targetHints":{"allow":["GET"]}}],"collection":[{"href":"https:\/\/rnoticias.com.mx\/Portal\/wp-json\/wp\/v2\/posts"}],"about":[{"href":"https:\/\/rnoticias.com.mx\/Portal\/wp-json\/wp\/v2\/types\/post"}],"author":[{"embeddable":true,"href":"https:\/\/rnoticias.com.mx\/Portal\/wp-json\/wp\/v2\/users\/2"}],"replies":[{"embeddable":true,"href":"https:\/\/rnoticias.com.mx\/Portal\/wp-json\/wp\/v2\/comments?post=228623"}],"version-history":[{"count":1,"href":"https:\/\/rnoticias.com.mx\/Portal\/wp-json\/wp\/v2\/posts\/228623\/revisions"}],"predecessor-version":[{"id":228625,"href":"https:\/\/rnoticias.com.mx\/Portal\/wp-json\/wp\/v2\/posts\/228623\/revisions\/228625"}],"wp:featuredmedia":[{"embeddable":true,"href":"https:\/\/rnoticias.com.mx\/Portal\/wp-json\/wp\/v2\/media\/228624"}],"wp:attachment":[{"href":"https:\/\/rnoticias.com.mx\/Portal\/wp-json\/wp\/v2\/media?parent=228623"}],"wp:term":[{"taxonomy":"category","embeddable":true,"href":"https:\/\/rnoticias.com.mx\/Portal\/wp-json\/wp\/v2\/categories?post=228623"},{"taxonomy":"post_tag","embeddable":true,"href":"https:\/\/rnoticias.com.mx\/Portal\/wp-json\/wp\/v2\/tags?post=228623"}],"curies":[{"name":"wp","href":"https:\/\/api.w.org\/{rel}","templated":true}]}}