{"id":228620,"date":"2025-09-03T22:34:07","date_gmt":"2025-09-04T05:34:07","guid":{"rendered":"https:\/\/rnoticias.com.mx\/Portal\/?p=228620"},"modified":"2025-09-03T22:34:07","modified_gmt":"2025-09-04T05:34:07","slug":"emite-gobierno-de-sonora-medidas-preventivas-para-el-sector-educativo-ante-pronostico-de-lluvias-sec","status":"publish","type":"post","link":"https:\/\/rnoticias.com.mx\/Portal\/2025\/09\/03\/emite-gobierno-de-sonora-medidas-preventivas-para-el-sector-educativo-ante-pronostico-de-lluvias-sec\/","title":{"rendered":"Emite Gobierno de Sonora medidas preventivas para el sector educativo ante pron\u00f3stico de lluvias: SEC"},"content":{"rendered":"<p align=\"justify\">Hermosillo, Sonora; 3 de septiembre de 2025.- A partir del turno vespertino de este mi\u00e9rcoles 3 de septiembre se suspenden clases en las escuelas p\u00fablicas y particulares de todos los niveles educativos en los 72 municipios de Sonora, por recomendaci\u00f3n de la Coordinaci\u00f3n Estatal de Protecci\u00f3n Civil (CEPC).<\/p>\n<p align=\"justify\">La Secretar\u00eda de Educaci\u00f3n y Cultura (SEC) aclar\u00f3 que la medida tambi\u00e9n aplica para el jueves 4 y viernes 5 de septiembre, en ambos turnos, derivado de las lluvias intensas en la entidad por los efectos de la tormenta tropical \u201cLorena\u201d, que se ha intensificado a hurac\u00e1n categor\u00eda 1.<\/p>\n<p align=\"justify\">Resalt\u00f3 que la recomendaci\u00f3n es efectiva para la comunidad educativa en general, con el objetivo de proteger su salud e integridad, ya que se pronostican precipitaciones de intensas a extraordinarias, as\u00ed como vientos fuertes a intensos.<\/p>\n<p align=\"justify\">Asimismo, la dependencia estatal recomend\u00f3 permanecer atentos a las indicaciones que realicen las autoridades estatales a trav\u00e9s de los canales oficiales de difusi\u00f3n.<\/p>\n","protected":false},"excerpt":{"rendered":"<p>Hermosillo, Sonora; 3 de septiembre de 2025.- A partir del turno vespertino de este mi\u00e9rcoles 3 de septiembre se suspenden clases en las escuelas p\u00fablicas y particulares de todos los niveles educativos en los 72 municipios de Sonora, por recomendaci\u00f3n de la Coordinaci\u00f3n Estatal de Protecci\u00f3n Civil (CEPC). La Secretar\u00eda de Educaci\u00f3n y Cultura (SEC) [&hellip;]<\/p>\n","protected":false},"author":2,"featured_media":228621,"comment_status":"closed","ping_status":"closed","sticky":false,"template":"","format":"standard","meta":{"footnotes":""},"categories":[12870,178],"tags":[12865,12869],"class_list":["post-228620","post","type-post","status-publish","format-standard","has-post-thumbnail","hentry","category-destacadas","category-local","tag-destacadas","tag-local"],"jetpack_featured_media_url":"https:\/\/rnoticias.com.mx\/Portal\/wp-content\/uploads\/2025\/09\/unnamed-12.jpg","amp_enabled":true,"_links":{"self":[{"href":"https:\/\/rnoticias.com.mx\/Portal\/wp-json\/wp\/v2\/posts\/228620","targetHints":{"allow":["GET"]}}],"collection":[{"href":"https:\/\/rnoticias.com.mx\/Portal\/wp-json\/wp\/v2\/posts"}],"about":[{"href":"https:\/\/rnoticias.com.mx\/Portal\/wp-json\/wp\/v2\/types\/post"}],"author":[{"embeddable":true,"href":"https:\/\/rnoticias.com.mx\/Portal\/wp-json\/wp\/v2\/users\/2"}],"replies":[{"embeddable":true,"href":"https:\/\/rnoticias.com.mx\/Portal\/wp-json\/wp\/v2\/comments?post=228620"}],"version-history":[{"count":1,"href":"https:\/\/rnoticias.com.mx\/Portal\/wp-json\/wp\/v2\/posts\/228620\/revisions"}],"predecessor-version":[{"id":228622,"href":"https:\/\/rnoticias.com.mx\/Portal\/wp-json\/wp\/v2\/posts\/228620\/revisions\/228622"}],"wp:featuredmedia":[{"embeddable":true,"href":"https:\/\/rnoticias.com.mx\/Portal\/wp-json\/wp\/v2\/media\/228621"}],"wp:attachment":[{"href":"https:\/\/rnoticias.com.mx\/Portal\/wp-json\/wp\/v2\/media?parent=228620"}],"wp:term":[{"taxonomy":"category","embeddable":true,"href":"https:\/\/rnoticias.com.mx\/Portal\/wp-json\/wp\/v2\/categories?post=228620"},{"taxonomy":"post_tag","embeddable":true,"href":"https:\/\/rnoticias.com.mx\/Portal\/wp-json\/wp\/v2\/tags?post=228620"}],"curies":[{"name":"wp","href":"https:\/\/api.w.org\/{rel}","templated":true}]}}