{"id":228617,"date":"2025-09-03T22:27:10","date_gmt":"2025-09-04T05:27:10","guid":{"rendered":"https:\/\/rnoticias.com.mx\/Portal\/?p=228617"},"modified":"2025-09-03T22:27:10","modified_gmt":"2025-09-04T05:27:10","slug":"caen-mas-de-80-milimetros-de-lluvia-en-hermosillo","status":"publish","type":"post","link":"https:\/\/rnoticias.com.mx\/Portal\/2025\/09\/03\/caen-mas-de-80-milimetros-de-lluvia-en-hermosillo\/","title":{"rendered":"Caen m\u00e1s de 80 mil\u00edmetros de lluvia en Hermosillo"},"content":{"rendered":"<div data-olk-copy-source=\"MessageBody\">El secretario del Ayuntamiento, Eduardo Acu\u00f1a Padilla, inform\u00f3 que la lluvia extraordinaria registrada la noche del martes y madrugada del mi\u00e9rcoles dej\u00f3 acumulados hist\u00f3ricos de hasta 83 mil\u00edmetros en distintos sectores de Hermosillo, lo que provoc\u00f3 inundaciones, ca\u00edda de \u00e1rboles y afectaciones viales.<\/div>\n<div aria-hidden=\"true\"><\/div>\n<div>Se\u00f1al\u00f3 que las colonias m\u00e1s impactadas fueron Costa del Sol, Misi\u00f3n del Sol, La Caridad y zonas del sur de la ciudad, donde cuadrillas municipales trabajaron desde la madrugada en limpieza, desazolve y retiro de obst\u00e1culos.<\/div>\n<div><\/div>\n<div>\u201cPara eso es importante decirlo tambi\u00e9n,\u00a0vamos y tenemos ya habilitados algunos centros h\u00e1bitat como la Caf\u00e9 Combate, Solidaridad 1,\u00a0Minitas, adem\u00e1s del Centro Galilea en la colonia Palo Verde, y estamos buscando tambi\u00e9n\u00a0los espacios en Miguel Alem\u00e1n, en algunas instalaciones de la Secretar\u00eda de Educaci\u00f3n,\u00a0y el Centro H\u00e1bitat. Esto para poder resguardar a la ciudadan\u00eda, por lo que ahorita les vamos\u00a0a platicar que posiblemente venga en estos d\u00edas\u201d, detall\u00f3.<\/div>\n<div aria-hidden=\"true\"><\/div>\n<div>Acu\u00f1a Padilla, precis\u00f3 que hasta el momento se contabilizan 29 inundaciones, cuatro \u00e1rboles ca\u00eddos, dos veh\u00edculos arrastrados y dos socavones, principalmente en colonias del norte como La Caridad y Loma Blanca.<\/div>\n<div aria-hidden=\"true\"><\/div>\n<div>El funcionario subray\u00f3 que las lluvias m\u00e1s intensas a\u00fan est\u00e1n por llegar durante el fin de semana, derivadas de la post-tormenta tropical que afectar\u00e1 a Sonora.<\/div>\n<div aria-hidden=\"true\"><\/div>\n<div>Por ello, exhort\u00f3 a la poblaci\u00f3n a no exponerse en zonas de riesgo, evitar ir a las playas de Bah\u00eda de Kino, a transitar por arroyos y canales, no dejar veh\u00edculos en calles con flujo de agua y atender las medidas de prevenci\u00f3n.<\/div>\n","protected":false},"excerpt":{"rendered":"<p>El secretario del Ayuntamiento, Eduardo Acu\u00f1a Padilla, inform\u00f3 que la lluvia extraordinaria registrada la noche del martes y madrugada del mi\u00e9rcoles dej\u00f3 acumulados hist\u00f3ricos de hasta 83 mil\u00edmetros en distintos sectores de Hermosillo, lo que provoc\u00f3 inundaciones, ca\u00edda de \u00e1rboles y afectaciones viales. Se\u00f1al\u00f3 que las colonias m\u00e1s impactadas fueron Costa del Sol, Misi\u00f3n del [&hellip;]<\/p>\n","protected":false},"author":2,"featured_media":228618,"comment_status":"closed","ping_status":"closed","sticky":false,"template":"","format":"standard","meta":{"footnotes":""},"categories":[12870,178],"tags":[12865,12869],"class_list":["post-228617","post","type-post","status-publish","format-standard","has-post-thumbnail","hentry","category-destacadas","category-local","tag-destacadas","tag-local"],"jetpack_featured_media_url":"https:\/\/rnoticias.com.mx\/Portal\/wp-content\/uploads\/2025\/09\/1efc6728-80ca-4639-950c-820b91dc309d.jpg","amp_enabled":true,"_links":{"self":[{"href":"https:\/\/rnoticias.com.mx\/Portal\/wp-json\/wp\/v2\/posts\/228617","targetHints":{"allow":["GET"]}}],"collection":[{"href":"https:\/\/rnoticias.com.mx\/Portal\/wp-json\/wp\/v2\/posts"}],"about":[{"href":"https:\/\/rnoticias.com.mx\/Portal\/wp-json\/wp\/v2\/types\/post"}],"author":[{"embeddable":true,"href":"https:\/\/rnoticias.com.mx\/Portal\/wp-json\/wp\/v2\/users\/2"}],"replies":[{"embeddable":true,"href":"https:\/\/rnoticias.com.mx\/Portal\/wp-json\/wp\/v2\/comments?post=228617"}],"version-history":[{"count":1,"href":"https:\/\/rnoticias.com.mx\/Portal\/wp-json\/wp\/v2\/posts\/228617\/revisions"}],"predecessor-version":[{"id":228619,"href":"https:\/\/rnoticias.com.mx\/Portal\/wp-json\/wp\/v2\/posts\/228617\/revisions\/228619"}],"wp:featuredmedia":[{"embeddable":true,"href":"https:\/\/rnoticias.com.mx\/Portal\/wp-json\/wp\/v2\/media\/228618"}],"wp:attachment":[{"href":"https:\/\/rnoticias.com.mx\/Portal\/wp-json\/wp\/v2\/media?parent=228617"}],"wp:term":[{"taxonomy":"category","embeddable":true,"href":"https:\/\/rnoticias.com.mx\/Portal\/wp-json\/wp\/v2\/categories?post=228617"},{"taxonomy":"post_tag","embeddable":true,"href":"https:\/\/rnoticias.com.mx\/Portal\/wp-json\/wp\/v2\/tags?post=228617"}],"curies":[{"name":"wp","href":"https:\/\/api.w.org\/{rel}","templated":true}]}}