{"id":228614,"date":"2025-09-03T22:23:31","date_gmt":"2025-09-04T05:23:31","guid":{"rendered":"https:\/\/rnoticias.com.mx\/Portal\/?p=228614"},"modified":"2025-09-03T22:23:31","modified_gmt":"2025-09-04T05:23:31","slug":"habilita-dif-hermosillo-centros-de-acopio-para-apoyar-a-personas-afectadas-por-las-lluvias","status":"publish","type":"post","link":"https:\/\/rnoticias.com.mx\/Portal\/2025\/09\/03\/habilita-dif-hermosillo-centros-de-acopio-para-apoyar-a-personas-afectadas-por-las-lluvias\/","title":{"rendered":"Habilita DIF Hermosillo Centros de Acopio para apoyar a personas afectadas por las lluvias"},"content":{"rendered":"<p>Hermosillo, Sonora; 3 de septiembre, 2025.- Derivado de las fuertes lluvias que han afectado a numerosas familias en la ciudad el Gobierno Municipal, a trav\u00e9s de DIF Hermosillo habilit\u00f3 Centros de Acopio para recibir art\u00edculos de primera necesidad de todas aquellas personas que deseen sumarse con su ayuda y mostrar solidaridad hacia quienes m\u00e1s lo requieren.<\/p>\n<p>Madeleine Bonnafoux Alcaraz, Directora General de DIF Hermosillo, a nombre del Presidente Municipal Antonio Astiazar\u00e1n y de Patricia Ruibal Zaragoza, Presidenta de DIF Hermosillo, destac\u00f3 que son dos puntos de recolecci\u00f3n disponibles en la zona urbana del municipio y uno en el Poblado Miguel Alem\u00e1n.<\/p>\n<p>En estos espacios se estar\u00e1n recibiendo alimentos no perecederos, agua embotellada, productos de higiene personal, art\u00edculos de limpieza para el hogar y pa\u00f1ales tanto para ni\u00f1os como para adultos.<\/p>\n<p>La ciudadan\u00eda interesada en donar puede acudir a las instalaciones de DIF Hermosillo ubicadas en Gustavo Hodgers #56, colonia Modelo; Casa Galilea en Tepic #8 de la colonia Palo Verde; y al CADI en la calle 13 de Septiembre y Ricardo Flores Mag\u00f3n del Poblado Miguel Alem\u00e1n.<\/p>\n<p>Los Centros de Acopio estar\u00e1n abiertos de lunes a viernes de 8:00 am a 3:00 pm, donde personal del Ayuntamiento recibir\u00e1 los donativos que marcar\u00e1n la diferencia para las familias afectadas.<\/p>\n<div><\/div>\n","protected":false},"excerpt":{"rendered":"<p>Hermosillo, Sonora; 3 de septiembre, 2025.- Derivado de las fuertes lluvias que han afectado a numerosas familias en la ciudad el Gobierno Municipal, a trav\u00e9s de DIF Hermosillo habilit\u00f3 Centros de Acopio para recibir art\u00edculos de primera necesidad de todas aquellas personas que deseen sumarse con su ayuda y mostrar solidaridad hacia quienes m\u00e1s lo [&hellip;]<\/p>\n","protected":false},"author":2,"featured_media":228615,"comment_status":"closed","ping_status":"closed","sticky":false,"template":"","format":"standard","meta":{"footnotes":""},"categories":[12870,178],"tags":[12865,12869],"class_list":["post-228614","post","type-post","status-publish","format-standard","has-post-thumbnail","hentry","category-destacadas","category-local","tag-destacadas","tag-local"],"jetpack_featured_media_url":"https:\/\/rnoticias.com.mx\/Portal\/wp-content\/uploads\/2025\/09\/Habilita-DIF-Hermosillo-Centros-de-Acopio-para-apoyar-a-personas-afectadas-por-las-lluvias.jpeg","amp_enabled":true,"_links":{"self":[{"href":"https:\/\/rnoticias.com.mx\/Portal\/wp-json\/wp\/v2\/posts\/228614","targetHints":{"allow":["GET"]}}],"collection":[{"href":"https:\/\/rnoticias.com.mx\/Portal\/wp-json\/wp\/v2\/posts"}],"about":[{"href":"https:\/\/rnoticias.com.mx\/Portal\/wp-json\/wp\/v2\/types\/post"}],"author":[{"embeddable":true,"href":"https:\/\/rnoticias.com.mx\/Portal\/wp-json\/wp\/v2\/users\/2"}],"replies":[{"embeddable":true,"href":"https:\/\/rnoticias.com.mx\/Portal\/wp-json\/wp\/v2\/comments?post=228614"}],"version-history":[{"count":1,"href":"https:\/\/rnoticias.com.mx\/Portal\/wp-json\/wp\/v2\/posts\/228614\/revisions"}],"predecessor-version":[{"id":228616,"href":"https:\/\/rnoticias.com.mx\/Portal\/wp-json\/wp\/v2\/posts\/228614\/revisions\/228616"}],"wp:featuredmedia":[{"embeddable":true,"href":"https:\/\/rnoticias.com.mx\/Portal\/wp-json\/wp\/v2\/media\/228615"}],"wp:attachment":[{"href":"https:\/\/rnoticias.com.mx\/Portal\/wp-json\/wp\/v2\/media?parent=228614"}],"wp:term":[{"taxonomy":"category","embeddable":true,"href":"https:\/\/rnoticias.com.mx\/Portal\/wp-json\/wp\/v2\/categories?post=228614"},{"taxonomy":"post_tag","embeddable":true,"href":"https:\/\/rnoticias.com.mx\/Portal\/wp-json\/wp\/v2\/tags?post=228614"}],"curies":[{"name":"wp","href":"https:\/\/api.w.org\/{rel}","templated":true}]}}