{"id":228611,"date":"2025-09-03T22:22:42","date_gmt":"2025-09-04T05:22:42","guid":{"rendered":"https:\/\/rnoticias.com.mx\/Portal\/?p=228611"},"modified":"2025-09-03T22:22:42","modified_gmt":"2025-09-04T05:22:42","slug":"atiende-gobierno-municipal-a-familias-de-la-colonia-la-caridad-afectadas-por-lluvias-a-quienes-se-les-recomendo-evacuar-la-zona","status":"publish","type":"post","link":"https:\/\/rnoticias.com.mx\/Portal\/2025\/09\/03\/atiende-gobierno-municipal-a-familias-de-la-colonia-la-caridad-afectadas-por-lluvias-a-quienes-se-les-recomendo-evacuar-la-zona\/","title":{"rendered":"Atiende Gobierno Municipal a familias de la colonia La Caridad afectadas por lluvias, a quienes se les recomend\u00f3 evacuar la zona"},"content":{"rendered":"<p>Hermosillo, Sonora; 3 de septiembre, 2025.- Personal de diferentes dependencias del Ayuntamiento de Hermosillo se reuni\u00f3 con residentes de La Caridad, cuyas viviendas se inundaron, con quienes acordaron protocolos de actuaci\u00f3n y a quienes se les recomend\u00f3 evacuar la zona ante el pron\u00f3stico de m\u00e1s lluvias \u00a0durante los pr\u00f3ximos d\u00edas.<\/p>\n<p>Representantes de Presidencia, Secretar\u00eda del Ayuntamiento, Direcci\u00f3n General de Infraestructura (DGDI), Servicios P\u00fablicos Municipales, DIF Hermosillo, Polic\u00eda Municipal y Salud P\u00fablica Municipal, escucharon de los residentes las afectaciones que sufrieron por la llegada de corrientes de agua la noche del martes.<\/p>\n<p>Con maquinaria se trabaja para resolver las severas afectaciones en la calle Lucrecia Ruiz de Ay\u00f3n, al Poniente de la calle Reforma, por deslaves, acumulaci\u00f3n de azolve y desplazamiento de grandes secciones de pavimento por lo fuertes que fueron las corrientes pluviales.<\/p>\n<p>Se llam\u00f3 a los vecinos a priorizar su integridad f\u00edsica invit\u00e1ndolos a evacuar sus viviendas y la zona, y en caso de no tener donde alojarse que utilicen los 3 albergues habilitados por el Ayuntamiento en los Centros Habitat Solidaridad, Caf\u00e9 Combate y Los Olivos.<\/p>\n<p>A su vez se mantendr\u00e1 presencia policiaca las 24 horas en el sector, coordinada con el Comit\u00e9 Operativo de Emergencias de Hermosillo, que se mantiene en sesi\u00f3n permanente hasta nuevo aviso.<\/p>\n<p>Se \u00a0continuar\u00e1 con los trabajos que desde la ma\u00f1ana del mi\u00e9rcoles realizan cuadrillas de Agua de Hermosillo para desazolvar y liberar de bloqueos el drenaje del sector y que no les vuelva a ocurrir el brote de agua de drenaje por las coladeras de las regaderas de sus ba\u00f1os.<\/p>\n<p>Se entrega a los residentes sacos de arena para que limiten el paso de las corrientes de agua en las casas con mayor riesgo; empezar la rehabilitaci\u00f3n de la calle Lucrecia Ruiz de Ayon, llevar este jueves una jornada de salud y fumigaci\u00f3n contra los mosquitos para prevenir brotes de dengue.<\/p>\n<p>Tambi\u00e9n personal de Servicios P\u00fablicos Municipales los apoya con el retiro de cacharros y objetos que se les echaron a perder, as\u00ed como comunicaci\u00f3n directa a trav\u00e9s de un grupo de whatsapp con las y los vecinos, entre otros acuerdos.<\/p>\n","protected":false},"excerpt":{"rendered":"<p>Hermosillo, Sonora; 3 de septiembre, 2025.- Personal de diferentes dependencias del Ayuntamiento de Hermosillo se reuni\u00f3 con residentes de La Caridad, cuyas viviendas se inundaron, con quienes acordaron protocolos de actuaci\u00f3n y a quienes se les recomend\u00f3 evacuar la zona ante el pron\u00f3stico de m\u00e1s lluvias \u00a0durante los pr\u00f3ximos d\u00edas. Representantes de Presidencia, Secretar\u00eda del [&hellip;]<\/p>\n","protected":false},"author":2,"featured_media":228612,"comment_status":"closed","ping_status":"closed","sticky":false,"template":"","format":"standard","meta":{"footnotes":""},"categories":[12870,178],"tags":[12865,12869],"class_list":["post-228611","post","type-post","status-publish","format-standard","has-post-thumbnail","hentry","category-destacadas","category-local","tag-destacadas","tag-local"],"jetpack_featured_media_url":"https:\/\/rnoticias.com.mx\/Portal\/wp-content\/uploads\/2025\/09\/Atiende-Gobierno-Municipal-a-familias-de-la-colonia-La-Caridad-afectadas-por-lluvias-6.jpeg","amp_enabled":true,"_links":{"self":[{"href":"https:\/\/rnoticias.com.mx\/Portal\/wp-json\/wp\/v2\/posts\/228611","targetHints":{"allow":["GET"]}}],"collection":[{"href":"https:\/\/rnoticias.com.mx\/Portal\/wp-json\/wp\/v2\/posts"}],"about":[{"href":"https:\/\/rnoticias.com.mx\/Portal\/wp-json\/wp\/v2\/types\/post"}],"author":[{"embeddable":true,"href":"https:\/\/rnoticias.com.mx\/Portal\/wp-json\/wp\/v2\/users\/2"}],"replies":[{"embeddable":true,"href":"https:\/\/rnoticias.com.mx\/Portal\/wp-json\/wp\/v2\/comments?post=228611"}],"version-history":[{"count":1,"href":"https:\/\/rnoticias.com.mx\/Portal\/wp-json\/wp\/v2\/posts\/228611\/revisions"}],"predecessor-version":[{"id":228613,"href":"https:\/\/rnoticias.com.mx\/Portal\/wp-json\/wp\/v2\/posts\/228611\/revisions\/228613"}],"wp:featuredmedia":[{"embeddable":true,"href":"https:\/\/rnoticias.com.mx\/Portal\/wp-json\/wp\/v2\/media\/228612"}],"wp:attachment":[{"href":"https:\/\/rnoticias.com.mx\/Portal\/wp-json\/wp\/v2\/media?parent=228611"}],"wp:term":[{"taxonomy":"category","embeddable":true,"href":"https:\/\/rnoticias.com.mx\/Portal\/wp-json\/wp\/v2\/categories?post=228611"},{"taxonomy":"post_tag","embeddable":true,"href":"https:\/\/rnoticias.com.mx\/Portal\/wp-json\/wp\/v2\/tags?post=228611"}],"curies":[{"name":"wp","href":"https:\/\/api.w.org\/{rel}","templated":true}]}}