{"id":228608,"date":"2025-09-03T22:21:27","date_gmt":"2025-09-04T05:21:27","guid":{"rendered":"https:\/\/rnoticias.com.mx\/Portal\/?p=228608"},"modified":"2025-09-03T22:21:27","modified_gmt":"2025-09-04T05:21:27","slug":"atiende-linea-9-1-1-emergencias-en-temporada-de-lluvias-gobierno-de-sonora","status":"publish","type":"post","link":"https:\/\/rnoticias.com.mx\/Portal\/2025\/09\/03\/atiende-linea-9-1-1-emergencias-en-temporada-de-lluvias-gobierno-de-sonora\/","title":{"rendered":"Atiende l\u00ednea 9-1-1 emergencias en temporada de lluvias: Gobierno de Sonora"},"content":{"rendered":"<p align=\"justify\">Hermosillo, Sonora; 3 de septiembre de 2025.- La l\u00ednea 9-1-1 est\u00e1 disponible para atender emergencias relacionadas con la temporada de lluvias en la entidad, anunci\u00f3 el Gobierno de Sonora, y reiter\u00f3 el llamado a la ciudadan\u00eda a utilizar este n\u00famero con responsabilidad.<\/p>\n<p align=\"justify\">Se inform\u00f3 que, ante el pron\u00f3stico de lluvias emitido por la Coordinaci\u00f3n Estatal de Protecci\u00f3n Civil para los pr\u00f3ximos d\u00edas en la entidad, las y los operadores del 9-1-1 est\u00e1n preparados para brindar servicio telef\u00f3nico las 24 horas.<\/p>\n<p align=\"justify\">La l\u00ednea 9-1-1, dependiente de la Secretar\u00eda de Seguridad P\u00fablica (SSP), cuenta con equipos multidisciplinarios que reciben los llamados y canalizan de inmediato a la autoridad correspondiente para su atenci\u00f3n.<\/p>\n<p align=\"justify\">La SSP Sonora record\u00f3 que en este n\u00famero se pueden reportar emergencias relacionadas con salud, seguridad y protecci\u00f3n civil los 365 d\u00edas del a\u00f1o. Por ello, se recomienda a la ciudadan\u00eda utilizarlo de manera responsable.<\/p>\n<p align=\"justify\">Cabe recordar que, en una emergencia, cada segundo cuenta y el uso indebido de la l\u00ednea 9-1-1 puede retrasar la atenci\u00f3n a personas que realmente lo necesitan.<\/p>\n","protected":false},"excerpt":{"rendered":"<p>Hermosillo, Sonora; 3 de septiembre de 2025.- La l\u00ednea 9-1-1 est\u00e1 disponible para atender emergencias relacionadas con la temporada de lluvias en la entidad, anunci\u00f3 el Gobierno de Sonora, y reiter\u00f3 el llamado a la ciudadan\u00eda a utilizar este n\u00famero con responsabilidad. Se inform\u00f3 que, ante el pron\u00f3stico de lluvias emitido por la Coordinaci\u00f3n Estatal [&hellip;]<\/p>\n","protected":false},"author":2,"featured_media":228609,"comment_status":"closed","ping_status":"closed","sticky":false,"template":"","format":"standard","meta":{"footnotes":""},"categories":[178],"tags":[12869],"class_list":["post-228608","post","type-post","status-publish","format-standard","has-post-thumbnail","hentry","category-local","tag-local"],"jetpack_featured_media_url":"https:\/\/rnoticias.com.mx\/Portal\/wp-content\/uploads\/2025\/09\/unnamed-1-5.jpg","amp_enabled":true,"_links":{"self":[{"href":"https:\/\/rnoticias.com.mx\/Portal\/wp-json\/wp\/v2\/posts\/228608","targetHints":{"allow":["GET"]}}],"collection":[{"href":"https:\/\/rnoticias.com.mx\/Portal\/wp-json\/wp\/v2\/posts"}],"about":[{"href":"https:\/\/rnoticias.com.mx\/Portal\/wp-json\/wp\/v2\/types\/post"}],"author":[{"embeddable":true,"href":"https:\/\/rnoticias.com.mx\/Portal\/wp-json\/wp\/v2\/users\/2"}],"replies":[{"embeddable":true,"href":"https:\/\/rnoticias.com.mx\/Portal\/wp-json\/wp\/v2\/comments?post=228608"}],"version-history":[{"count":1,"href":"https:\/\/rnoticias.com.mx\/Portal\/wp-json\/wp\/v2\/posts\/228608\/revisions"}],"predecessor-version":[{"id":228610,"href":"https:\/\/rnoticias.com.mx\/Portal\/wp-json\/wp\/v2\/posts\/228608\/revisions\/228610"}],"wp:featuredmedia":[{"embeddable":true,"href":"https:\/\/rnoticias.com.mx\/Portal\/wp-json\/wp\/v2\/media\/228609"}],"wp:attachment":[{"href":"https:\/\/rnoticias.com.mx\/Portal\/wp-json\/wp\/v2\/media?parent=228608"}],"wp:term":[{"taxonomy":"category","embeddable":true,"href":"https:\/\/rnoticias.com.mx\/Portal\/wp-json\/wp\/v2\/categories?post=228608"},{"taxonomy":"post_tag","embeddable":true,"href":"https:\/\/rnoticias.com.mx\/Portal\/wp-json\/wp\/v2\/tags?post=228608"}],"curies":[{"name":"wp","href":"https:\/\/api.w.org\/{rel}","templated":true}]}}