{"id":228605,"date":"2025-09-03T22:20:48","date_gmt":"2025-09-04T05:20:48","guid":{"rendered":"https:\/\/rnoticias.com.mx\/Portal\/?p=228605"},"modified":"2025-09-03T22:20:48","modified_gmt":"2025-09-04T05:20:48","slug":"beneficia-gobierno-de-sonora-la-salud-animal-con-jornada-de-esterilizacion-en-san-pedro","status":"publish","type":"post","link":"https:\/\/rnoticias.com.mx\/Portal\/2025\/09\/03\/beneficia-gobierno-de-sonora-la-salud-animal-con-jornada-de-esterilizacion-en-san-pedro\/","title":{"rendered":"Beneficia Gobierno de Sonora la salud animal con jornada de esterilizaci\u00f3n en San Pedro"},"content":{"rendered":"<p align=\"justify\">San Pedro, Sonora; 3 de septiembre de 2025.- Con el objetivo de proteger la salud y el bienestar de los animales de compa\u00f1\u00eda, el Gobierno de Sonora, a trav\u00e9s de la Direcci\u00f3n General de Protecci\u00f3n y Bienestar Animal, llev\u00f3 a cabo una jornada gratuita de esterilizaci\u00f3n en la localidad de San Pedro El Saucito, beneficiando a 47 animales con servicios m\u00e9dicos veterinarios.<\/p>\n<p align=\"justify\">Durante la jornada se atendi\u00f3 a 24 canes hembras y 10 machos, as\u00ed como a ocho hembras de felino y cinco machos.<\/p>\n<p align=\"justify\">Estas acciones forman parte de la estrategia impulsada por el Gobierno del Estado para fomentar la tenencia responsable, prevenir enfermedades y controlar la poblaci\u00f3n de perros y gatos en la regi\u00f3n.<\/p>\n<p align=\"justify\">Se invita a la comunidad a mantenerse atenta a las pr\u00f3ximas jornadas y aprovechar estos servicios gratuitos, que contribuyen a mejorar la calidad de vida de los animales de compa\u00f1\u00eda y a fortalecer la salud p\u00fablica.<\/p>\n","protected":false},"excerpt":{"rendered":"<p>San Pedro, Sonora; 3 de septiembre de 2025.- Con el objetivo de proteger la salud y el bienestar de los animales de compa\u00f1\u00eda, el Gobierno de Sonora, a trav\u00e9s de la Direcci\u00f3n General de Protecci\u00f3n y Bienestar Animal, llev\u00f3 a cabo una jornada gratuita de esterilizaci\u00f3n en la localidad de San Pedro El Saucito, beneficiando [&hellip;]<\/p>\n","protected":false},"author":2,"featured_media":228606,"comment_status":"closed","ping_status":"closed","sticky":false,"template":"","format":"standard","meta":{"footnotes":""},"categories":[178],"tags":[12869],"class_list":["post-228605","post","type-post","status-publish","format-standard","has-post-thumbnail","hentry","category-local","tag-local"],"jetpack_featured_media_url":"https:\/\/rnoticias.com.mx\/Portal\/wp-content\/uploads\/2025\/09\/unnamed-11.jpg","amp_enabled":true,"_links":{"self":[{"href":"https:\/\/rnoticias.com.mx\/Portal\/wp-json\/wp\/v2\/posts\/228605","targetHints":{"allow":["GET"]}}],"collection":[{"href":"https:\/\/rnoticias.com.mx\/Portal\/wp-json\/wp\/v2\/posts"}],"about":[{"href":"https:\/\/rnoticias.com.mx\/Portal\/wp-json\/wp\/v2\/types\/post"}],"author":[{"embeddable":true,"href":"https:\/\/rnoticias.com.mx\/Portal\/wp-json\/wp\/v2\/users\/2"}],"replies":[{"embeddable":true,"href":"https:\/\/rnoticias.com.mx\/Portal\/wp-json\/wp\/v2\/comments?post=228605"}],"version-history":[{"count":1,"href":"https:\/\/rnoticias.com.mx\/Portal\/wp-json\/wp\/v2\/posts\/228605\/revisions"}],"predecessor-version":[{"id":228607,"href":"https:\/\/rnoticias.com.mx\/Portal\/wp-json\/wp\/v2\/posts\/228605\/revisions\/228607"}],"wp:featuredmedia":[{"embeddable":true,"href":"https:\/\/rnoticias.com.mx\/Portal\/wp-json\/wp\/v2\/media\/228606"}],"wp:attachment":[{"href":"https:\/\/rnoticias.com.mx\/Portal\/wp-json\/wp\/v2\/media?parent=228605"}],"wp:term":[{"taxonomy":"category","embeddable":true,"href":"https:\/\/rnoticias.com.mx\/Portal\/wp-json\/wp\/v2\/categories?post=228605"},{"taxonomy":"post_tag","embeddable":true,"href":"https:\/\/rnoticias.com.mx\/Portal\/wp-json\/wp\/v2\/tags?post=228605"}],"curies":[{"name":"wp","href":"https:\/\/api.w.org\/{rel}","templated":true}]}}