{"id":228592,"date":"2025-09-03T21:40:02","date_gmt":"2025-09-04T04:40:02","guid":{"rendered":"https:\/\/rnoticias.com.mx\/Portal\/?p=228592"},"modified":"2025-09-03T21:40:02","modified_gmt":"2025-09-04T04:40:02","slug":"banco-de-alimentos-abre-inscripciones-para-la-6a-generacion-de-cimientos-para-el-futuro","status":"publish","type":"post","link":"https:\/\/rnoticias.com.mx\/Portal\/2025\/09\/03\/banco-de-alimentos-abre-inscripciones-para-la-6a-generacion-de-cimientos-para-el-futuro\/","title":{"rendered":"Banco de Alimentos abre inscripciones para la 6\u00aa generaci\u00f3n de \u201cCimientos para el Futuro\u201d"},"content":{"rendered":"<p>Hermosillo, 3 de septiembre de 2025.- El Banco de Alimentos de Hermosillo convoca a la comunidad a integrarse a la sexta generaci\u00f3n del programa\u00a0<b>Cimientos para el Futuro<\/b>, que ofrece\u00a0<b>capacitaci\u00f3n gratuita<\/b>,\u00a0<b>apoyo alimentario familiar<\/b>\u00a0y una\u00a0<b>Feria de Empleo<\/b>\u00a0con empresas aliadas para facilitar la inserci\u00f3n laboral de los participantes.<\/p>\n<p>Hasta ahora se han realizado cinco generaciones con\u00a0<b>80 graduados<\/b>. El programa incluye: apoyo alimentario familiar; educaci\u00f3n nutricional y seguimiento de la salud; capacitaci\u00f3n t\u00e9cnica y en Desarrollo Humano; formaci\u00f3n en finanzas y habilidades laborales; y la Feria de Empleo exclusiva donde participan empresas aliadas del banco, con oportunidades de contrataci\u00f3n para quienes concluyan la capacitaci\u00f3n.<\/p>\n<p>Est\u00e1 dirigido a madres jefas de familia, j\u00f3venes y adultos mayores. Las inscripciones son gratuitas y permanecer\u00e1n abiertas hasta el\u00a0<b>jueves 25 de septiembre<\/b>. Las clases inician el\u00a0<b>viernes 26<\/b>\u00a0y el\u00a0<b>s\u00e1bado 27 de septiembre<\/b>\u00a0en el Departamento de Econom\u00eda de la UNISON (Edificio 10H, Sala Raymundo Vega Ramos).<\/p>\n<p>Los interesados pueden inscribirse enviando por WhatsApp al\u00a0<b>662 326 2687<\/b>: CURP, identificaci\u00f3n oficial y comprobante de domicilio.<\/p>\n<p>Horarios:\u00a0<b>Grupo 1<\/b>: viernes 2:00 p.m. a 5:00 p.m.;\u00a0<b>Grupo 2<\/b>: s\u00e1bados 9:00 a.m. a 12:00 p.m.<\/p>\n<p>El Banco de Alimentos agradeci\u00f3 a las empresas aliadas que hacen posible el programa, en especial al Centro de Asesor\u00eda Financiera y Emprendimiento Social (CAFES), a la Universidad de Sonora y a los maestros Rafael Castillo y Karina Qui\u00f1\u00f3nez.<\/p>\n","protected":false},"excerpt":{"rendered":"<p>Hermosillo, 3 de septiembre de 2025.- El Banco de Alimentos de Hermosillo convoca a la comunidad a integrarse a la sexta generaci\u00f3n del programa\u00a0Cimientos para el Futuro, que ofrece\u00a0capacitaci\u00f3n gratuita,\u00a0apoyo alimentario familiar\u00a0y una\u00a0Feria de Empleo\u00a0con empresas aliadas para facilitar la inserci\u00f3n laboral de los participantes. Hasta ahora se han realizado cinco generaciones con\u00a080 graduados. El [&hellip;]<\/p>\n","protected":false},"author":2,"featured_media":228593,"comment_status":"closed","ping_status":"closed","sticky":false,"template":"","format":"standard","meta":{"footnotes":""},"categories":[12870,178],"tags":[12865,12869],"class_list":["post-228592","post","type-post","status-publish","format-standard","has-post-thumbnail","hentry","category-destacadas","category-local","tag-destacadas","tag-local"],"jetpack_featured_media_url":"https:\/\/rnoticias.com.mx\/Portal\/wp-content\/uploads\/2025\/09\/Banco-de-Alimentos-cursos-scaled.jpg","amp_enabled":true,"_links":{"self":[{"href":"https:\/\/rnoticias.com.mx\/Portal\/wp-json\/wp\/v2\/posts\/228592","targetHints":{"allow":["GET"]}}],"collection":[{"href":"https:\/\/rnoticias.com.mx\/Portal\/wp-json\/wp\/v2\/posts"}],"about":[{"href":"https:\/\/rnoticias.com.mx\/Portal\/wp-json\/wp\/v2\/types\/post"}],"author":[{"embeddable":true,"href":"https:\/\/rnoticias.com.mx\/Portal\/wp-json\/wp\/v2\/users\/2"}],"replies":[{"embeddable":true,"href":"https:\/\/rnoticias.com.mx\/Portal\/wp-json\/wp\/v2\/comments?post=228592"}],"version-history":[{"count":1,"href":"https:\/\/rnoticias.com.mx\/Portal\/wp-json\/wp\/v2\/posts\/228592\/revisions"}],"predecessor-version":[{"id":228594,"href":"https:\/\/rnoticias.com.mx\/Portal\/wp-json\/wp\/v2\/posts\/228592\/revisions\/228594"}],"wp:featuredmedia":[{"embeddable":true,"href":"https:\/\/rnoticias.com.mx\/Portal\/wp-json\/wp\/v2\/media\/228593"}],"wp:attachment":[{"href":"https:\/\/rnoticias.com.mx\/Portal\/wp-json\/wp\/v2\/media?parent=228592"}],"wp:term":[{"taxonomy":"category","embeddable":true,"href":"https:\/\/rnoticias.com.mx\/Portal\/wp-json\/wp\/v2\/categories?post=228592"},{"taxonomy":"post_tag","embeddable":true,"href":"https:\/\/rnoticias.com.mx\/Portal\/wp-json\/wp\/v2\/tags?post=228592"}],"curies":[{"name":"wp","href":"https:\/\/api.w.org\/{rel}","templated":true}]}}