{"id":228589,"date":"2025-09-03T21:28:30","date_gmt":"2025-09-04T04:28:30","guid":{"rendered":"https:\/\/rnoticias.com.mx\/Portal\/?p=228589"},"modified":"2025-09-03T21:28:30","modified_gmt":"2025-09-04T04:28:30","slug":"secretaria-de-bienestar-suspende-actividades-en-sonora-por-el-paso-del-huracan-lorena-ariadna-montiel","status":"publish","type":"post","link":"https:\/\/rnoticias.com.mx\/Portal\/2025\/09\/03\/secretaria-de-bienestar-suspende-actividades-en-sonora-por-el-paso-del-huracan-lorena-ariadna-montiel\/","title":{"rendered":"Secretar\u00eda de Bienestar suspende actividades en Sonora por el paso del hurac\u00e1n Lorena: Ariadna Montiel"},"content":{"rendered":"<p>Ante el paso del hurac\u00e1n Lorena en la costa de Sonora, la Secretar\u00eda de Bienestar, a cargo de Ariadna Montiel Reyes, suspendi\u00f3 todas las actividades, hasta nuevo aviso, con el prop\u00f3sito primordial de resguardar la seguridad e integridad f\u00edsica de la poblaci\u00f3n.<\/p>\n<p>\u201cLos derechohabientes y beneficiarios podr\u00e1n continuar con sus tr\u00e1mites en la Delegaci\u00f3n de Bienestar, posterior al paso del fen\u00f3meno meteorol\u00f3gico\u201d, se\u00f1al\u00f3 la secretaria Ariadna Montiel, al exhortar a la poblaci\u00f3n a resguardarse, mantener calma y atender las indicaciones de las autoridades de Protecci\u00f3n Civil, as\u00ed como a informarse a trav\u00e9s de los medios oficiales del Gobierno de M\u00e9xico.<\/p>\n<p>A\u00f1adi\u00f3 que se informar\u00e1 oportunamente de la reanudaci\u00f3n de las actividades de la Secretar\u00eda de Bienestar en Sonora.<\/p>\n<p>Destac\u00f3 que est\u00e1 garantizado el pago de las Pensiones y Programas para el Bienestar correspondiente al bimestre septiembre- octubre, a trav\u00e9s del dep\u00f3sito bimestral en la tarjeta del Banco del Bienestar.<\/p>\n<p>\u201cLos derechohabientes y beneficiarios podr\u00e1n cobrar su pensi\u00f3n o programa, en cualquier momento, a partir del d\u00eda que les corresponde, sin embargo, destac\u00f3 la importancia de evitar salir a la calle; el dep\u00f3sito de su pensi\u00f3n est\u00e1 garantizado\u201d, agreg\u00f3 la funcionaria federal.<\/p>\n","protected":false},"excerpt":{"rendered":"<p>Ante el paso del hurac\u00e1n Lorena en la costa de Sonora, la Secretar\u00eda de Bienestar, a cargo de Ariadna Montiel Reyes, suspendi\u00f3 todas las actividades, hasta nuevo aviso, con el prop\u00f3sito primordial de resguardar la seguridad e integridad f\u00edsica de la poblaci\u00f3n. \u201cLos derechohabientes y beneficiarios podr\u00e1n continuar con sus tr\u00e1mites en la Delegaci\u00f3n de [&hellip;]<\/p>\n","protected":false},"author":2,"featured_media":228590,"comment_status":"closed","ping_status":"closed","sticky":false,"template":"","format":"standard","meta":{"footnotes":""},"categories":[12870,174],"tags":[12865,12873],"class_list":["post-228589","post","type-post","status-publish","format-standard","has-post-thumbnail","hentry","category-destacadas","category-estatal","tag-destacadas","tag-estatal"],"jetpack_featured_media_url":"https:\/\/rnoticias.com.mx\/Portal\/wp-content\/uploads\/2025\/09\/image_750x415_17495134420383.webp","amp_enabled":true,"_links":{"self":[{"href":"https:\/\/rnoticias.com.mx\/Portal\/wp-json\/wp\/v2\/posts\/228589","targetHints":{"allow":["GET"]}}],"collection":[{"href":"https:\/\/rnoticias.com.mx\/Portal\/wp-json\/wp\/v2\/posts"}],"about":[{"href":"https:\/\/rnoticias.com.mx\/Portal\/wp-json\/wp\/v2\/types\/post"}],"author":[{"embeddable":true,"href":"https:\/\/rnoticias.com.mx\/Portal\/wp-json\/wp\/v2\/users\/2"}],"replies":[{"embeddable":true,"href":"https:\/\/rnoticias.com.mx\/Portal\/wp-json\/wp\/v2\/comments?post=228589"}],"version-history":[{"count":1,"href":"https:\/\/rnoticias.com.mx\/Portal\/wp-json\/wp\/v2\/posts\/228589\/revisions"}],"predecessor-version":[{"id":228591,"href":"https:\/\/rnoticias.com.mx\/Portal\/wp-json\/wp\/v2\/posts\/228589\/revisions\/228591"}],"wp:featuredmedia":[{"embeddable":true,"href":"https:\/\/rnoticias.com.mx\/Portal\/wp-json\/wp\/v2\/media\/228590"}],"wp:attachment":[{"href":"https:\/\/rnoticias.com.mx\/Portal\/wp-json\/wp\/v2\/media?parent=228589"}],"wp:term":[{"taxonomy":"category","embeddable":true,"href":"https:\/\/rnoticias.com.mx\/Portal\/wp-json\/wp\/v2\/categories?post=228589"},{"taxonomy":"post_tag","embeddable":true,"href":"https:\/\/rnoticias.com.mx\/Portal\/wp-json\/wp\/v2\/tags?post=228589"}],"curies":[{"name":"wp","href":"https:\/\/api.w.org\/{rel}","templated":true}]}}