{"id":228586,"date":"2025-09-03T21:24:46","date_gmt":"2025-09-04T04:24:46","guid":{"rendered":"https:\/\/rnoticias.com.mx\/Portal\/?p=228586"},"modified":"2025-09-03T21:24:46","modified_gmt":"2025-09-04T04:24:46","slug":"fundacion-telmex-telcel-se-prepara-para-mexico-siglo-xxi-2025-mentes-que-iluminan-el-futuro","status":"publish","type":"post","link":"https:\/\/rnoticias.com.mx\/Portal\/2025\/09\/03\/fundacion-telmex-telcel-se-prepara-para-mexico-siglo-xxi-2025-mentes-que-iluminan-el-futuro\/","title":{"rendered":"Fundaci\u00f3n Telmex Telcel se prepara para M\u00e9xico Siglo XXI 2025: &#8220;Mentes que iluminan el futuro&#8221;"},"content":{"rendered":"<p>Hermosillo, Sonora a 3 de septiembre de 2025. Este viernes 5 de septiembre, la Fundaci\u00f3n Telmex Telcel celebrar\u00e1 una nueva edici\u00f3n de su evento anual M\u00e9xico Siglo XXI, bajo el lema &#8220;Mentes que iluminan el futuro&#8221;, en el que se reunir\u00e1n destacadas personalidades del \u00e1mbito empresarial, acad\u00e9mico, cultural, deportivo y social.<\/p>\n<p>&nbsp;<\/p>\n<p>La jornada dar\u00e1 inicio a las 9:00 horas con la participaci\u00f3n de Carlos Slim Domit, presidente de los consejos de administraci\u00f3n de Grupo Carso y Am\u00e9rica M\u00f3vil. Posteriormente, a las 9:20 horas, se espera la intervenci\u00f3n de Su Majestad la Reina Rania Al Abdullah de Jordania, reconocida por su labor en temas de derechos humanos y educaci\u00f3n.<\/p>\n<p>&nbsp;<\/p>\n<p>A las 10:40 horas, la investigadora en inteligencia artificial Joy Buolamwini compartir\u00e1 su visi\u00f3n sobre el desarrollo tecnol\u00f3gico \u00e9tico. M\u00e1s tarde, a las 12:30 horas, la Premio Nobel de la Paz 1992, Rigoberta Mench\u00fa, hablar\u00e1 sobre justicia social y derechos de los pueblos originarios.<\/p>\n<p>&nbsp;<\/p>\n<p>A las 13:00 horas, la psiquiatra y escritora Marian Rojas Estap\u00e9 ofrecer\u00e1 una conferencia centrada en el bienestar mental. La agenda continuar\u00e1 por la tarde con la participaci\u00f3n del comediante Franco Escamilla, programado para las 15:30 horas, quien aportar\u00e1 un enfoque l\u00fadico y reflexivo.<\/p>\n<p>&nbsp;<\/p>\n<p>El reconocido actor y productor Kevin Costner tomar\u00e1 el escenario a las 16:40 horas, seguido por la extenista Serena Williams, quien ofrecer\u00e1 su mensaje de superaci\u00f3n y disciplina a las 18:30 horas.<\/p>\n<p>&nbsp;<\/p>\n<p>Finalmente, el evento cerrar\u00e1 a las 19:20 horas con la intervenci\u00f3n de Arturo El\u00edas Ayub, director general de Fundaci\u00f3n Telmex Telcel, quien dirigir\u00e1 el mensaje de clausura.<\/p>\n<p>&nbsp;<\/p>\n<p>Con esta edici\u00f3n, M\u00e9xico Siglo XXI continuar\u00e1 posicion\u00e1ndose como uno de los foros de inspiraci\u00f3n y conocimiento m\u00e1s relevantes del pa\u00eds, dirigido a j\u00f3venes becarios y l\u00edderes del ma\u00f1ana.<\/p>\n<p>&nbsp;<\/p>\n","protected":false},"excerpt":{"rendered":"<p>Hermosillo, Sonora a 3 de septiembre de 2025. Este viernes 5 de septiembre, la Fundaci\u00f3n Telmex Telcel celebrar\u00e1 una nueva edici\u00f3n de su evento anual M\u00e9xico Siglo XXI, bajo el lema &#8220;Mentes que iluminan el futuro&#8221;, en el que se reunir\u00e1n destacadas personalidades del \u00e1mbito empresarial, acad\u00e9mico, cultural, deportivo y social. &nbsp; La jornada dar\u00e1 [&hellip;]<\/p>\n","protected":false},"author":2,"featured_media":228587,"comment_status":"closed","ping_status":"closed","sticky":false,"template":"","format":"standard","meta":{"footnotes":""},"categories":[12870,172],"tags":[12865,12874],"class_list":["post-228586","post","type-post","status-publish","format-standard","has-post-thumbnail","hentry","category-destacadas","category-nacional","tag-destacadas","tag-nacional"],"jetpack_featured_media_url":"https:\/\/rnoticias.com.mx\/Portal\/wp-content\/uploads\/2025\/09\/87a5f853-7fb4-45a3-90bc-46d94b69d597.jpg","amp_enabled":true,"_links":{"self":[{"href":"https:\/\/rnoticias.com.mx\/Portal\/wp-json\/wp\/v2\/posts\/228586","targetHints":{"allow":["GET"]}}],"collection":[{"href":"https:\/\/rnoticias.com.mx\/Portal\/wp-json\/wp\/v2\/posts"}],"about":[{"href":"https:\/\/rnoticias.com.mx\/Portal\/wp-json\/wp\/v2\/types\/post"}],"author":[{"embeddable":true,"href":"https:\/\/rnoticias.com.mx\/Portal\/wp-json\/wp\/v2\/users\/2"}],"replies":[{"embeddable":true,"href":"https:\/\/rnoticias.com.mx\/Portal\/wp-json\/wp\/v2\/comments?post=228586"}],"version-history":[{"count":1,"href":"https:\/\/rnoticias.com.mx\/Portal\/wp-json\/wp\/v2\/posts\/228586\/revisions"}],"predecessor-version":[{"id":228588,"href":"https:\/\/rnoticias.com.mx\/Portal\/wp-json\/wp\/v2\/posts\/228586\/revisions\/228588"}],"wp:featuredmedia":[{"embeddable":true,"href":"https:\/\/rnoticias.com.mx\/Portal\/wp-json\/wp\/v2\/media\/228587"}],"wp:attachment":[{"href":"https:\/\/rnoticias.com.mx\/Portal\/wp-json\/wp\/v2\/media?parent=228586"}],"wp:term":[{"taxonomy":"category","embeddable":true,"href":"https:\/\/rnoticias.com.mx\/Portal\/wp-json\/wp\/v2\/categories?post=228586"},{"taxonomy":"post_tag","embeddable":true,"href":"https:\/\/rnoticias.com.mx\/Portal\/wp-json\/wp\/v2\/tags?post=228586"}],"curies":[{"name":"wp","href":"https:\/\/api.w.org\/{rel}","templated":true}]}}