{"id":228580,"date":"2025-09-03T21:17:13","date_gmt":"2025-09-04T04:17:13","guid":{"rendered":"https:\/\/rnoticias.com.mx\/Portal\/?p=228580"},"modified":"2025-09-03T21:17:13","modified_gmt":"2025-09-04T04:17:13","slug":"impulsa-sector-minero-turismo-regional-en-la-colorada-con-exitoso-programa-de-verano","status":"publish","type":"post","link":"https:\/\/rnoticias.com.mx\/Portal\/2025\/09\/03\/impulsa-sector-minero-turismo-regional-en-la-colorada-con-exitoso-programa-de-verano\/","title":{"rendered":"Impulsa sector minero turismo regional en La Colorada con exitoso programa de verano"},"content":{"rendered":"<p class=\"x_MsoNormal\" data-olk-copy-source=\"MessageBody\">Hermosillo, Sonora; septiembre 3 de 2025.- Con la participaci\u00f3n de 180 personas, el programa de verano Tour Minero La Colorada logr\u00f3 su objetivo de impulsar el turismo regional, dando a conocer los atractivos de esta regi\u00f3n que recibe a los visitantes con nueva infraestructura, deliciosa gastronom\u00eda y un paseo por 280 a\u00f1os de historia que tiene esta comunidad minera desde su fundaci\u00f3n.<\/p>\n<p class=\"x_MsoNormal\" aria-hidden=\"true\">\n<p class=\"x_MsoNormal\">Durante 9 s\u00e1bados de julio y agosto este programa en alianza entre la Asociaci\u00f3n de Ingenieros de Minas, Metalurgistas y Ge\u00f3logos de M\u00e9xico (AIMMGM) Distrito Sonora; la empresa Heliostar y el Ayuntamiento de La Colorada, ofreci\u00f3 a familias la oportunidad de conocer de cerca parte de los procesos que de manera responsable y sustentable lleva a cabo la actividad minera, visitando la comunidad y sus puntos de inter\u00e9s tur\u00edstico.<\/p>\n<p class=\"x_MsoNormal\" aria-hidden=\"true\">\n<p class=\"x_MsoNormal\">En este recorrido, las familias visitaron el primer mirador esc\u00e9nico p\u00fablico a un tajo minero en M\u00e9xico; se adentraron a la historia de la comunidad a trav\u00e9s del recorrido por el nuevo Museo Regional, los murales art\u00edsticos y el \u00e1rea del Frontispicio; y guiados por el grupo de Scouts Hermosillo 10, disfrutaron de la naturaleza en el Represo.<\/p>\n<p class=\"x_MsoNormal\" aria-hidden=\"true\">\n<p class=\"x_MsoNormal\">Orietta Fupen, jefa de Relaciones P\u00fablicas y Comunicaci\u00f3n de la empresa Heliostar, resalt\u00f3 que esta actividad tuvo una gran aceptaci\u00f3n por parte de familias de Hermosillo, quienes conocieron un poco m\u00e1s sobre los procesos de la industria minera responsable que se realiza con una visi\u00f3n de sustentabilidad, priorizando el cuidado del medio ambiente, la seguridad de las personas y el desarrollo social de la comunidad; adem\u00e1s de mostrarles el potencial tur\u00edstico de La Colorada.<\/p>\n<p class=\"x_MsoNormal\" aria-hidden=\"true\">\n<p class=\"x_MsoNormal\">\u201cEs un punto de encuentro que las familias pueden venir a disfrutar una tarde con sus familias con sus hijos, no s\u00f3lo recorrido cultural hist\u00f3rico, sino conocer un poquito m\u00e1s la simbiosis que tiene la miner\u00eda con la comunidad\u201d, resalt\u00f3.<\/p>\n<p class=\"x_MsoNormal\" aria-hidden=\"true\">\n<p class=\"x_MsoNormal\">Por su parte, Rigoberto Bujanda Reyes, Cronista Municipal y responsable del Museo Regional La Colorada, se\u00f1al\u00f3 que el Tour Minero contribuy\u00f3 favorablemente a impulsar el turismo dando a conocer el atractivo de esta comunidad y promover la econom\u00eda local.<\/p>\n<p class=\"x_MsoNormal\" aria-hidden=\"true\">\n<p class=\"x_MsoNormal\">\u201cViene gente en los grupos (Tour Minero) y vuelve, se nota, nosotros como una comunidad peque\u00f1a se nota que regresan a preguntar, regresa a comer, regresa a conocer otros puntos con m\u00e1s calma, de esa forma es como se ve m\u00e1s f\u00e1cil que ha impactado, el regreso, la asistencia de la gente. Se extendi\u00f3 un fin de semana al programado, eso habla muy bien y que ha causado inter\u00e9s sobre todo en la poblaci\u00f3n, visitante y local\u201d, subray\u00f3.<\/p>\n<p class=\"x_MsoNormal\" aria-hidden=\"true\">\n<p class=\"x_MsoNormal\">En ese sentido, Mar\u00eda Dora Rend\u00f3n Moreno, propietaria de La Caba\u00f1a de Dorita, restaurante con m\u00e1s de 25 a\u00f1os de operaci\u00f3n en La Colorada, destac\u00f3 que con el Tour Minero se incrementaron las ventas en el negocio, del cual, dijo, dependen cuatro familias de la localidad.<\/p>\n<p class=\"x_MsoNormal\" aria-hidden=\"true\">\n<p class=\"x_MsoNormal\">Para Pablo, originario de Argentina, residente de Hermosillo y quien acudi\u00f3 acompa\u00f1ado de su familia, el Tour Minero La Colorada, \u201cfue muy gratificante la visita por todo lo que nos ense\u00f1aron, la atenci\u00f3n y los lugares que conocimos, lo de la mina fue una de las mejores cosas que me ha tocado ver y totalmente lo recomiendo y espero que venga m\u00e1s gente a conocer y ver este lugar la verdad se van a llevar una muy buena visita\u201d.<\/p>\n<p class=\"x_MsoNormal\">\n<p class=\"x_MsoNormal\">Mientras que Antonio Valenzuela, jubilado y residente de Hermosillo, se\u00f1al\u00f3, que, \u201ceste paseo precioso, muy cultural, porque vemos el ambiente de respeto hacia la naturaleza y la cantidad de familias que trabajan y dependen de estas compa\u00f1\u00edas tan importantes que siempre est\u00e1n pensando en las comunidades, no nom\u00e1s en extraer el material, est\u00e1 en primer lugar la comunidad, su personal, la salud. Es un paseo precioso, vivimos en un casi desierto, pero tiene sus encantos la vegetaci\u00f3n des\u00e9rtica y nuestra naturaleza\u201d.<\/p>\n","protected":false},"excerpt":{"rendered":"<p>Hermosillo, Sonora; septiembre 3 de 2025.- Con la participaci\u00f3n de 180 personas, el programa de verano Tour Minero La Colorada logr\u00f3 su objetivo de impulsar el turismo regional, dando a conocer los atractivos de esta regi\u00f3n que recibe a los visitantes con nueva infraestructura, deliciosa gastronom\u00eda y un paseo por 280 a\u00f1os de historia que [&hellip;]<\/p>\n","protected":false},"author":2,"featured_media":228581,"comment_status":"closed","ping_status":"closed","sticky":false,"template":"","format":"standard","meta":{"footnotes":""},"categories":[12870,178],"tags":[12865,12869],"class_list":["post-228580","post","type-post","status-publish","format-standard","has-post-thumbnail","hentry","category-destacadas","category-local","tag-destacadas","tag-local"],"jetpack_featured_media_url":"https:\/\/rnoticias.com.mx\/Portal\/wp-content\/uploads\/2025\/09\/2-1.jpg","amp_enabled":true,"_links":{"self":[{"href":"https:\/\/rnoticias.com.mx\/Portal\/wp-json\/wp\/v2\/posts\/228580","targetHints":{"allow":["GET"]}}],"collection":[{"href":"https:\/\/rnoticias.com.mx\/Portal\/wp-json\/wp\/v2\/posts"}],"about":[{"href":"https:\/\/rnoticias.com.mx\/Portal\/wp-json\/wp\/v2\/types\/post"}],"author":[{"embeddable":true,"href":"https:\/\/rnoticias.com.mx\/Portal\/wp-json\/wp\/v2\/users\/2"}],"replies":[{"embeddable":true,"href":"https:\/\/rnoticias.com.mx\/Portal\/wp-json\/wp\/v2\/comments?post=228580"}],"version-history":[{"count":1,"href":"https:\/\/rnoticias.com.mx\/Portal\/wp-json\/wp\/v2\/posts\/228580\/revisions"}],"predecessor-version":[{"id":228582,"href":"https:\/\/rnoticias.com.mx\/Portal\/wp-json\/wp\/v2\/posts\/228580\/revisions\/228582"}],"wp:featuredmedia":[{"embeddable":true,"href":"https:\/\/rnoticias.com.mx\/Portal\/wp-json\/wp\/v2\/media\/228581"}],"wp:attachment":[{"href":"https:\/\/rnoticias.com.mx\/Portal\/wp-json\/wp\/v2\/media?parent=228580"}],"wp:term":[{"taxonomy":"category","embeddable":true,"href":"https:\/\/rnoticias.com.mx\/Portal\/wp-json\/wp\/v2\/categories?post=228580"},{"taxonomy":"post_tag","embeddable":true,"href":"https:\/\/rnoticias.com.mx\/Portal\/wp-json\/wp\/v2\/tags?post=228580"}],"curies":[{"name":"wp","href":"https:\/\/api.w.org\/{rel}","templated":true}]}}