{"id":228574,"date":"2025-09-03T21:14:17","date_gmt":"2025-09-04T04:14:17","guid":{"rendered":"https:\/\/rnoticias.com.mx\/Portal\/?p=228574"},"modified":"2025-09-03T21:14:17","modified_gmt":"2025-09-04T04:14:17","slug":"gobierno-de-sonora-activa-brigadas-preventivas-y-coordinacion-sectorial-ante-los-efectos-del-huracan-lorena","status":"publish","type":"post","link":"https:\/\/rnoticias.com.mx\/Portal\/2025\/09\/03\/gobierno-de-sonora-activa-brigadas-preventivas-y-coordinacion-sectorial-ante-los-efectos-del-huracan-lorena\/","title":{"rendered":"Gobierno de Sonora activa brigadas preventivas y coordinaci\u00f3n sectorial ante los efectos del hurac\u00e1n Lorena"},"content":{"rendered":"<p align=\"left\">Hermosillo, Sonora; 03 de septiembre de 2025.\u2013 Ante los pron\u00f3sticos que advierten la llegada del hurac\u00e1n Lorena a territorio sonorense y considerando el incremento en los riesgos asociados a lluvias intensas, vientos y posibles inundaciones, el Gobierno del Sonora, a trav\u00e9s de la Secretar\u00eda de Salud P\u00fablica del Estado de Sonora (SSP) informa que se encuentra en estado de alerta preventiva y ha desplegado brigadas en las zonas con mayor probabilidad de impacto.<\/p>\n<p align=\"left\">Estas brigadas tienen la misi\u00f3n de recorrer las comunidades para informar a la poblaci\u00f3n sobre medidas en visitas domiciliarias orientadas, con b\u00fasqueda intencionada de personas que presenten s\u00edntomas febriles o cuadros diarreicos, con el fin de identificar riesgos de manera anticipada. Al mismo tiempo, el personal de salud participa en procesos de capacitaci\u00f3n sobre prevenci\u00f3n de afectaciones, toma de muestras, manejo cl\u00ednico y seguimiento epidemiol\u00f3gico, lo que permitir\u00e1 fortalecer la capacidad de respuesta inmediata en caso de emergencias sanitarias derivadas del fen\u00f3meno meteorol\u00f3gico.<\/p>\n<p align=\"left\">En coordinaci\u00f3n con autoridades municipales, estatales y federales, se han habilitado refugios temporales en todos los municipios del estado, los cuales estar\u00e1n disponibles para atender a personas en situaci\u00f3n de riesgo. Estos espacios ofrecer\u00e1n condiciones seguras, con acceso a alimentaci\u00f3n, higiene, atenci\u00f3n m\u00e9dica b\u00e1sica y protecci\u00f3n.<\/p>\n<p align=\"left\">La estrategia contempla tambi\u00e9n la difusi\u00f3n de mensajes preventivos relacionados con el consumo de agua segura, el adecuado manejo de los alimentos, la importancia de mantener entornos limpios y la necesidad de resguardar medicamentos y documentos personales antes de que el hurac\u00e1n llegue a la entidad. Con estas medidas se busca reducir los riesgos sanitarios que com\u00fanmente se presentan durante y despu\u00e9s de emergencias naturales.<\/p>\n<p align=\"left\">De manera coordinada con el Sector Salud, la Secretar\u00eda supervisa el abasto de insumos m\u00e9dicos, la operatividad de las unidades de salud y la activaci\u00f3n de protocolos de vigilancia epidemiol\u00f3gica en aquellas regiones con mayor vulnerabilidad. Se trata de acciones anticipadas que refuerzan la preparaci\u00f3n del sistema estatal de salud ante los posibles efectos del fen\u00f3meno.<\/p>\n<p align=\"left\">Asimismo, se informa que en los municipios con mayor probabilidad de impacto se contar\u00e1 con albergues habilitados para recibir a las familias que as\u00ed lo requieran, garantizando condiciones de seguridad, alimentaci\u00f3n, higiene y atenci\u00f3n m\u00e9dica b\u00e1sica. Estos espacios estar\u00e1n disponibles de forma oportuna y coordinada para resguardar a la poblaci\u00f3n que se encuentre en situaci\u00f3n de riesgo.<\/p>\n<p align=\"left\">La Secretar\u00eda de Salud P\u00fablica de Sonora subraya que se encuentra preparada y trabajando de manera anticipada para proteger la salud de las y los sonorenses. Con estas acciones, el Gobierno de Sonora refrenda su compromiso de salvaguardar la vida, la salud y el bienestar de la poblaci\u00f3n frente a la inminente llegada del hurac\u00e1n Lorena.<\/p>\n","protected":false},"excerpt":{"rendered":"<p>Hermosillo, Sonora; 03 de septiembre de 2025.\u2013 Ante los pron\u00f3sticos que advierten la llegada del hurac\u00e1n Lorena a territorio sonorense y considerando el incremento en los riesgos asociados a lluvias intensas, vientos y posibles inundaciones, el Gobierno del Sonora, a trav\u00e9s de la Secretar\u00eda de Salud P\u00fablica del Estado de Sonora (SSP) informa que se [&hellip;]<\/p>\n","protected":false},"author":2,"featured_media":228575,"comment_status":"closed","ping_status":"closed","sticky":false,"template":"","format":"standard","meta":{"footnotes":""},"categories":[12870,178],"tags":[12865,12869],"class_list":["post-228574","post","type-post","status-publish","format-standard","has-post-thumbnail","hentry","category-destacadas","category-local","tag-destacadas","tag-local"],"jetpack_featured_media_url":"https:\/\/rnoticias.com.mx\/Portal\/wp-content\/uploads\/2025\/09\/unnamed-1-4.jpg","amp_enabled":true,"_links":{"self":[{"href":"https:\/\/rnoticias.com.mx\/Portal\/wp-json\/wp\/v2\/posts\/228574","targetHints":{"allow":["GET"]}}],"collection":[{"href":"https:\/\/rnoticias.com.mx\/Portal\/wp-json\/wp\/v2\/posts"}],"about":[{"href":"https:\/\/rnoticias.com.mx\/Portal\/wp-json\/wp\/v2\/types\/post"}],"author":[{"embeddable":true,"href":"https:\/\/rnoticias.com.mx\/Portal\/wp-json\/wp\/v2\/users\/2"}],"replies":[{"embeddable":true,"href":"https:\/\/rnoticias.com.mx\/Portal\/wp-json\/wp\/v2\/comments?post=228574"}],"version-history":[{"count":1,"href":"https:\/\/rnoticias.com.mx\/Portal\/wp-json\/wp\/v2\/posts\/228574\/revisions"}],"predecessor-version":[{"id":228576,"href":"https:\/\/rnoticias.com.mx\/Portal\/wp-json\/wp\/v2\/posts\/228574\/revisions\/228576"}],"wp:featuredmedia":[{"embeddable":true,"href":"https:\/\/rnoticias.com.mx\/Portal\/wp-json\/wp\/v2\/media\/228575"}],"wp:attachment":[{"href":"https:\/\/rnoticias.com.mx\/Portal\/wp-json\/wp\/v2\/media?parent=228574"}],"wp:term":[{"taxonomy":"category","embeddable":true,"href":"https:\/\/rnoticias.com.mx\/Portal\/wp-json\/wp\/v2\/categories?post=228574"},{"taxonomy":"post_tag","embeddable":true,"href":"https:\/\/rnoticias.com.mx\/Portal\/wp-json\/wp\/v2\/tags?post=228574"}],"curies":[{"name":"wp","href":"https:\/\/api.w.org\/{rel}","templated":true}]}}