{"id":228568,"date":"2025-09-03T19:42:26","date_gmt":"2025-09-04T02:42:26","guid":{"rendered":"https:\/\/rnoticias.com.mx\/Portal\/?p=228568"},"modified":"2025-09-03T19:42:26","modified_gmt":"2025-09-04T02:42:26","slug":"mexico-vs-cr7-en-el-azteca-una-posibilidad-para-el-2026","status":"publish","type":"post","link":"https:\/\/rnoticias.com.mx\/Portal\/2025\/09\/03\/mexico-vs-cr7-en-el-azteca-una-posibilidad-para-el-2026\/","title":{"rendered":"M\u00e9xico vs CR7 en el Azteca: Una posibilidad para el 2026"},"content":{"rendered":"<p>La Federaci\u00f3n Mexicana de Futbol sigue preparando el calendario de amistosos para la pr\u00f3xima justa mundialista que se realizar\u00e1 en nuestro pa\u00eds, y tambi\u00e9n se est\u00e1n alistando para\u00a0<strong>la reinauguraci\u00f3n del Estadio Azteca, donde la selecci\u00f3n invitada ser\u00eda Portugal, encabezada por Cristiano Ronaldo.<\/strong><\/p>\n<p>M\u00e9xico est\u00e1 buscando dos rivales de clase mundial para enfrentarse durante la fecha FIFA del mes de marzo, y uno de los dos encuentros se realizar\u00e1 en el Estadio Azteca, marcando el regreso del gigante de Santa \u00darsula.<\/p>\n<p>El partido todav\u00eda no est\u00e1 cerrado y\u00a0<strong>el \u00fanico inconveniente que evitar\u00eda la llegada de \u2018CR7\u2019 a M\u00e9xico ser\u00eda el repechaje de la UEFA<\/strong>, siendo una posibilidad que Portugal juegue dicha instancia, y\u00a0<strong>las fechas est\u00e1n pactadas para marzo.<\/strong><\/p>\n<p>Hasta el momento M\u00e9xico tiene seis rivales confirmados para partidos amistosos al cierre de este a\u00f1o, Jap\u00f3n y Corea del Sur en septiembre, Colombia y Ecuador en octubre y Uruguay y Paraguay en noviembre.<\/p>\n<p>&nbsp;<\/p>\n<p>&nbsp;<\/p>\n<p>Fuente: Mediotiempo<\/p>\n","protected":false},"excerpt":{"rendered":"<p>La Federaci\u00f3n Mexicana de Futbol sigue preparando el calendario de amistosos para la pr\u00f3xima justa mundialista que se realizar\u00e1 en nuestro pa\u00eds, y tambi\u00e9n se est\u00e1n alistando para\u00a0la reinauguraci\u00f3n del Estadio Azteca, donde la selecci\u00f3n invitada ser\u00eda Portugal, encabezada por Cristiano Ronaldo. M\u00e9xico est\u00e1 buscando dos rivales de clase mundial para enfrentarse durante la fecha [&hellip;]<\/p>\n","protected":false},"author":2,"featured_media":228569,"comment_status":"closed","ping_status":"closed","sticky":false,"template":"","format":"standard","meta":{"footnotes":""},"categories":[188,12870],"tags":[5231,12865],"class_list":["post-228568","post","type-post","status-publish","format-standard","has-post-thumbnail","hentry","category-deportes","category-destacadas","tag-deportes","tag-destacadas"],"jetpack_featured_media_url":"https:\/\/rnoticias.com.mx\/Portal\/wp-content\/uploads\/2025\/09\/sin-titulo-9dc0a0f0-focus-0-0-1200-600.webp","amp_enabled":true,"_links":{"self":[{"href":"https:\/\/rnoticias.com.mx\/Portal\/wp-json\/wp\/v2\/posts\/228568","targetHints":{"allow":["GET"]}}],"collection":[{"href":"https:\/\/rnoticias.com.mx\/Portal\/wp-json\/wp\/v2\/posts"}],"about":[{"href":"https:\/\/rnoticias.com.mx\/Portal\/wp-json\/wp\/v2\/types\/post"}],"author":[{"embeddable":true,"href":"https:\/\/rnoticias.com.mx\/Portal\/wp-json\/wp\/v2\/users\/2"}],"replies":[{"embeddable":true,"href":"https:\/\/rnoticias.com.mx\/Portal\/wp-json\/wp\/v2\/comments?post=228568"}],"version-history":[{"count":1,"href":"https:\/\/rnoticias.com.mx\/Portal\/wp-json\/wp\/v2\/posts\/228568\/revisions"}],"predecessor-version":[{"id":228570,"href":"https:\/\/rnoticias.com.mx\/Portal\/wp-json\/wp\/v2\/posts\/228568\/revisions\/228570"}],"wp:featuredmedia":[{"embeddable":true,"href":"https:\/\/rnoticias.com.mx\/Portal\/wp-json\/wp\/v2\/media\/228569"}],"wp:attachment":[{"href":"https:\/\/rnoticias.com.mx\/Portal\/wp-json\/wp\/v2\/media?parent=228568"}],"wp:term":[{"taxonomy":"category","embeddable":true,"href":"https:\/\/rnoticias.com.mx\/Portal\/wp-json\/wp\/v2\/categories?post=228568"},{"taxonomy":"post_tag","embeddable":true,"href":"https:\/\/rnoticias.com.mx\/Portal\/wp-json\/wp\/v2\/tags?post=228568"}],"curies":[{"name":"wp","href":"https:\/\/api.w.org\/{rel}","templated":true}]}}