{"id":228565,"date":"2025-09-03T19:40:56","date_gmt":"2025-09-04T02:40:56","guid":{"rendered":"https:\/\/rnoticias.com.mx\/Portal\/?p=228565"},"modified":"2025-09-03T19:40:56","modified_gmt":"2025-09-04T02:40:56","slug":"al-menos-15-muertos-y-18-heridos-por-el-descarrilamiento-de-un-teleferico-en-lisboa","status":"publish","type":"post","link":"https:\/\/rnoticias.com.mx\/Portal\/2025\/09\/03\/al-menos-15-muertos-y-18-heridos-por-el-descarrilamiento-de-un-teleferico-en-lisboa\/","title":{"rendered":"Al menos 15 muertos y 18 heridos por el descarrilamiento de un telef\u00e9rico en Lisboa"},"content":{"rendered":"<p>Inaugurado en 1885, el Ascensor de la Gloria (Elevador da Gl\u00f3ria), el funicular que este mi\u00e9rcoles se descarril\u00f3\u00a0<strong>dejando 15 muertos y 18 heridos, es una de las atracciones tur\u00edsticas del centro de Lisboa.<\/strong><\/p>\n<p>El veh\u00edculo conecta la plaza de Restauradores con el Bairro Alto y uno de los miradores m\u00e1s famosos de la capital, el de S\u00e3o Pedro de Alc\u00e2ntara.<\/p>\n<p><strong>Este medio de transporte es uno de los funiculares que existen en el casco hist\u00f3rico de la ciudad, como del Bica o el de Lavra, para ayudar a subir sus cuestas empinadas.<\/strong><\/p>\n<p>Fue concebido por el ingeniero portugu\u00e9s Raoul Mesnier du Ponsard y originalmente funcionaba por contrapeso de agua. M\u00e1s tarde pas\u00f3 a tener un sistema de locomoci\u00f3n a vapor y en 1914 fue pionero en moverse por tracci\u00f3n el\u00e9ctrica.<\/p>\n<p><strong>Tiene capacidad para 22 personas sentadas y 20 de pie en cada una de las dos cabinas con las que cuenta<\/strong>, seg\u00fan medios portugueses.<\/p>\n<p>El funicular hace un recorrido de 275 metros en dos minutos, a lo largo de la empinada Calzada de Gloria, que tiene una inclinaci\u00f3n del 18 %.<\/p>\n<p>Son habituales las colas de turistas para montarse en este pintoresco funicular, de color blanco y amarillo, que, aparte de vivir la experiencia de subirse a un veh\u00edculo antiguo, se ahorran la cuesta para subir al Bairro Alto.<\/p>\n<p><strong>Por el momento se desconoce las causas que han hecho descarrilar a este medio de transporte hist\u00f3rico de la capital y las autoridades lusas no han dado a conocer ni las identidades ni la nacionalidad de las v\u00edctimas,<\/strong>\u00a0aunque Espa\u00f1a ya ha confirmado que hay por lo menos dos heridos espa\u00f1oles.<\/p>\n","protected":false},"excerpt":{"rendered":"<p>Inaugurado en 1885, el Ascensor de la Gloria (Elevador da Gl\u00f3ria), el funicular que este mi\u00e9rcoles se descarril\u00f3\u00a0dejando 15 muertos y 18 heridos, es una de las atracciones tur\u00edsticas del centro de Lisboa. El veh\u00edculo conecta la plaza de Restauradores con el Bairro Alto y uno de los miradores m\u00e1s famosos de la capital, el [&hellip;]<\/p>\n","protected":false},"author":2,"featured_media":228566,"comment_status":"closed","ping_status":"closed","sticky":false,"template":"","format":"standard","meta":{"footnotes":""},"categories":[12870,182],"tags":[12865,12871],"class_list":["post-228565","post","type-post","status-publish","format-standard","has-post-thumbnail","hentry","category-destacadas","category-internacional","tag-destacadas","tag-internacional"],"jetpack_featured_media_url":"https:\/\/rnoticias.com.mx\/Portal\/wp-content\/uploads\/2025\/09\/06b179ac45256c8e45194cd2c1beaa96beda6683.jpg","amp_enabled":true,"_links":{"self":[{"href":"https:\/\/rnoticias.com.mx\/Portal\/wp-json\/wp\/v2\/posts\/228565","targetHints":{"allow":["GET"]}}],"collection":[{"href":"https:\/\/rnoticias.com.mx\/Portal\/wp-json\/wp\/v2\/posts"}],"about":[{"href":"https:\/\/rnoticias.com.mx\/Portal\/wp-json\/wp\/v2\/types\/post"}],"author":[{"embeddable":true,"href":"https:\/\/rnoticias.com.mx\/Portal\/wp-json\/wp\/v2\/users\/2"}],"replies":[{"embeddable":true,"href":"https:\/\/rnoticias.com.mx\/Portal\/wp-json\/wp\/v2\/comments?post=228565"}],"version-history":[{"count":1,"href":"https:\/\/rnoticias.com.mx\/Portal\/wp-json\/wp\/v2\/posts\/228565\/revisions"}],"predecessor-version":[{"id":228567,"href":"https:\/\/rnoticias.com.mx\/Portal\/wp-json\/wp\/v2\/posts\/228565\/revisions\/228567"}],"wp:featuredmedia":[{"embeddable":true,"href":"https:\/\/rnoticias.com.mx\/Portal\/wp-json\/wp\/v2\/media\/228566"}],"wp:attachment":[{"href":"https:\/\/rnoticias.com.mx\/Portal\/wp-json\/wp\/v2\/media?parent=228565"}],"wp:term":[{"taxonomy":"category","embeddable":true,"href":"https:\/\/rnoticias.com.mx\/Portal\/wp-json\/wp\/v2\/categories?post=228565"},{"taxonomy":"post_tag","embeddable":true,"href":"https:\/\/rnoticias.com.mx\/Portal\/wp-json\/wp\/v2\/tags?post=228565"}],"curies":[{"name":"wp","href":"https:\/\/api.w.org\/{rel}","templated":true}]}}