{"id":228562,"date":"2025-09-03T19:39:20","date_gmt":"2025-09-04T02:39:20","guid":{"rendered":"https:\/\/rnoticias.com.mx\/Portal\/?p=228562"},"modified":"2025-09-03T19:39:20","modified_gmt":"2025-09-04T02:39:20","slug":"preocupa-bajo-nivel-de-almacenamiento-en-presas-del-rio-yaqui","status":"publish","type":"post","link":"https:\/\/rnoticias.com.mx\/Portal\/2025\/09\/03\/preocupa-bajo-nivel-de-almacenamiento-en-presas-del-rio-yaqui\/","title":{"rendered":"Preocupa bajo nivel de almacenamiento en presas del R\u00edo Yaqui"},"content":{"rendered":"<p>Las aportaciones de agua durante agosto cerraron muy por debajo de lo esperado, con apenas 223 millones de metros c\u00fabicos, frente a una media hist\u00f3rica de 814 millones, inform\u00f3 Humberto Borb\u00f3n Valencia, director general del Distrito de Riego del R\u00edo Yaqui.<\/p>\n<p>&nbsp;<\/p>\n<p>Se\u00f1al\u00f3 que actualmente el sistema de presas registra un almacenamiento de 1,313 millones de metros c\u00fabicos, equivalente al 18 por ciento de su capacidad total, lo que representa 26 millones menos en comparaci\u00f3n con la misma fecha del a\u00f1o pasado.<\/p>\n<p>&nbsp;<\/p>\n<p>y esto pues nos augura una condici\u00f3n muy similar\u00a0(0:41)\u00a0a la que tuvimos al inicio de este ciclo agr\u00edcola, donde que pudi\u00e9ramos operar \u00fanicamente con\u00a0(0:47)\u00a0bombeos, nos queda este mes de septiembre para que el pr\u00f3ximo 1\u00ba de octubre inicie el ciclo agr\u00edcola\u00a0(0:53)\u00a0y las cosas hasta ahorita pues no van nada favorables\u201d, afirm\u00f3.<\/p>\n<p>&nbsp;<\/p>\n<p>Detall\u00f3, que la media hist\u00f3rica de septiembre es de 470 millones de metros c\u00fabicos en aportaciones, pero hasta el momento solo se han registrado 10 millones.<\/p>\n<p>&nbsp;<\/p>\n<p>Finalmente, Borb\u00f3n Valencia confi\u00f3 en que el fen\u00f3meno meteorol\u00f3gico \u201cLorena\u201d, reci\u00e9n formado en el Pac\u00edfico, pueda traer lluvias que mejoren la situaci\u00f3n.<\/p>\n<p>&nbsp;<\/p>\n","protected":false},"excerpt":{"rendered":"<p>Las aportaciones de agua durante agosto cerraron muy por debajo de lo esperado, con apenas 223 millones de metros c\u00fabicos, frente a una media hist\u00f3rica de 814 millones, inform\u00f3 Humberto Borb\u00f3n Valencia, director general del Distrito de Riego del R\u00edo Yaqui. &nbsp; Se\u00f1al\u00f3 que actualmente el sistema de presas registra un almacenamiento de 1,313 millones [&hellip;]<\/p>\n","protected":false},"author":2,"featured_media":228563,"comment_status":"closed","ping_status":"closed","sticky":false,"template":"","format":"standard","meta":{"footnotes":""},"categories":[12870,174],"tags":[12865,12873],"class_list":["post-228562","post","type-post","status-publish","format-standard","has-post-thumbnail","hentry","category-destacadas","category-estatal","tag-destacadas","tag-estatal"],"jetpack_featured_media_url":"https:\/\/rnoticias.com.mx\/Portal\/wp-content\/uploads\/2025\/09\/452364386_1009215347876862_5707447832824973843_n.jpg","amp_enabled":true,"_links":{"self":[{"href":"https:\/\/rnoticias.com.mx\/Portal\/wp-json\/wp\/v2\/posts\/228562","targetHints":{"allow":["GET"]}}],"collection":[{"href":"https:\/\/rnoticias.com.mx\/Portal\/wp-json\/wp\/v2\/posts"}],"about":[{"href":"https:\/\/rnoticias.com.mx\/Portal\/wp-json\/wp\/v2\/types\/post"}],"author":[{"embeddable":true,"href":"https:\/\/rnoticias.com.mx\/Portal\/wp-json\/wp\/v2\/users\/2"}],"replies":[{"embeddable":true,"href":"https:\/\/rnoticias.com.mx\/Portal\/wp-json\/wp\/v2\/comments?post=228562"}],"version-history":[{"count":1,"href":"https:\/\/rnoticias.com.mx\/Portal\/wp-json\/wp\/v2\/posts\/228562\/revisions"}],"predecessor-version":[{"id":228564,"href":"https:\/\/rnoticias.com.mx\/Portal\/wp-json\/wp\/v2\/posts\/228562\/revisions\/228564"}],"wp:featuredmedia":[{"embeddable":true,"href":"https:\/\/rnoticias.com.mx\/Portal\/wp-json\/wp\/v2\/media\/228563"}],"wp:attachment":[{"href":"https:\/\/rnoticias.com.mx\/Portal\/wp-json\/wp\/v2\/media?parent=228562"}],"wp:term":[{"taxonomy":"category","embeddable":true,"href":"https:\/\/rnoticias.com.mx\/Portal\/wp-json\/wp\/v2\/categories?post=228562"},{"taxonomy":"post_tag","embeddable":true,"href":"https:\/\/rnoticias.com.mx\/Portal\/wp-json\/wp\/v2\/tags?post=228562"}],"curies":[{"name":"wp","href":"https:\/\/api.w.org\/{rel}","templated":true}]}}