{"id":228559,"date":"2025-09-03T19:37:41","date_gmt":"2025-09-04T02:37:41","guid":{"rendered":"https:\/\/rnoticias.com.mx\/Portal\/?p=228559"},"modified":"2025-09-03T19:37:41","modified_gmt":"2025-09-04T02:37:41","slug":"intercambian-arboles-nativos-este-5-de-septiembre-en-hermosillo","status":"publish","type":"post","link":"https:\/\/rnoticias.com.mx\/Portal\/2025\/09\/03\/intercambian-arboles-nativos-este-5-de-septiembre-en-hermosillo\/","title":{"rendered":"Intercambian \u00e1rboles nativos este 5 de septiembre en Hermosillo"},"content":{"rendered":"<p>Hermosillo, Sonora. El Ayuntamiento de Hermosillo invita a la ciudadan\u00eda a participar en una jornada ecol\u00f3gica este viernes 5 de septiembre, donde se entregar\u00e1n \u00e1rboles nativos a quienes lleven materiales reciclables como pl\u00e1stico PET, cart\u00f3n o aluminio.<\/p>\n<p>&nbsp;<\/p>\n<p>Amparo Fontanot, directora de Parques y Jardines, inform\u00f3 que la actividad se realizar\u00e1 en el Vivero Municipal, ubicado en la colonia Casa Blanca, en un horario de 09:00 a 17:00 horas.<\/p>\n<p>&nbsp;<\/p>\n<p>\u201cEn la nueva edici\u00f3n de este viernes, estar\u00e1n disponibles diez especies nativas como chiltep\u00edn, bagote, lantana, vinora, brea, palma abanico, palo verde, guam\u00fachil, tronadora y mimbre, ideales para contribuir al reverdecimiento de la ciudad y fomentar el cuidado del entorno\u201d, dijo.<\/p>\n<p>&nbsp;<\/p>\n<p>A\u00f1adi\u00f3, que para facilitar la entrega, se solicita a los interesados registrarse previamente en el siguiente formulario: <a href=\"https:\/\/forms.gle\/9zd4fKQ4vmaBqcjU7?utm_source=chatgpt.com\">https:\/\/forms.gle\/9zd4fKQ4vmaBqcjU7<\/a>.<\/p>\n<p>&nbsp;<\/p>\n","protected":false},"excerpt":{"rendered":"<p>Hermosillo, Sonora. El Ayuntamiento de Hermosillo invita a la ciudadan\u00eda a participar en una jornada ecol\u00f3gica este viernes 5 de septiembre, donde se entregar\u00e1n \u00e1rboles nativos a quienes lleven materiales reciclables como pl\u00e1stico PET, cart\u00f3n o aluminio. &nbsp; Amparo Fontanot, directora de Parques y Jardines, inform\u00f3 que la actividad se realizar\u00e1 en el Vivero Municipal, [&hellip;]<\/p>\n","protected":false},"author":2,"featured_media":228560,"comment_status":"closed","ping_status":"closed","sticky":false,"template":"","format":"standard","meta":{"footnotes":""},"categories":[12870,178],"tags":[12865,12869],"class_list":["post-228559","post","type-post","status-publish","format-standard","has-post-thumbnail","hentry","category-destacadas","category-local","tag-destacadas","tag-local"],"jetpack_featured_media_url":"https:\/\/rnoticias.com.mx\/Portal\/wp-content\/uploads\/2025\/09\/Radio-Sonora-arboles.jpg","amp_enabled":true,"_links":{"self":[{"href":"https:\/\/rnoticias.com.mx\/Portal\/wp-json\/wp\/v2\/posts\/228559","targetHints":{"allow":["GET"]}}],"collection":[{"href":"https:\/\/rnoticias.com.mx\/Portal\/wp-json\/wp\/v2\/posts"}],"about":[{"href":"https:\/\/rnoticias.com.mx\/Portal\/wp-json\/wp\/v2\/types\/post"}],"author":[{"embeddable":true,"href":"https:\/\/rnoticias.com.mx\/Portal\/wp-json\/wp\/v2\/users\/2"}],"replies":[{"embeddable":true,"href":"https:\/\/rnoticias.com.mx\/Portal\/wp-json\/wp\/v2\/comments?post=228559"}],"version-history":[{"count":1,"href":"https:\/\/rnoticias.com.mx\/Portal\/wp-json\/wp\/v2\/posts\/228559\/revisions"}],"predecessor-version":[{"id":228561,"href":"https:\/\/rnoticias.com.mx\/Portal\/wp-json\/wp\/v2\/posts\/228559\/revisions\/228561"}],"wp:featuredmedia":[{"embeddable":true,"href":"https:\/\/rnoticias.com.mx\/Portal\/wp-json\/wp\/v2\/media\/228560"}],"wp:attachment":[{"href":"https:\/\/rnoticias.com.mx\/Portal\/wp-json\/wp\/v2\/media?parent=228559"}],"wp:term":[{"taxonomy":"category","embeddable":true,"href":"https:\/\/rnoticias.com.mx\/Portal\/wp-json\/wp\/v2\/categories?post=228559"},{"taxonomy":"post_tag","embeddable":true,"href":"https:\/\/rnoticias.com.mx\/Portal\/wp-json\/wp\/v2\/tags?post=228559"}],"curies":[{"name":"wp","href":"https:\/\/api.w.org\/{rel}","templated":true}]}}