{"id":228553,"date":"2025-09-03T17:34:27","date_gmt":"2025-09-04T00:34:27","guid":{"rendered":"https:\/\/rnoticias.com.mx\/Portal\/?p=228553"},"modified":"2025-09-03T17:34:27","modified_gmt":"2025-09-04T00:34:27","slug":"lluvias-historicas-dejan-hasta-83-milimetros-de-acumulacion-en-hmo","status":"publish","type":"post","link":"https:\/\/rnoticias.com.mx\/Portal\/2025\/09\/03\/lluvias-historicas-dejan-hasta-83-milimetros-de-acumulacion-en-hmo\/","title":{"rendered":"Lluvias hist\u00f3ricas dejan hasta 83 mil\u00edmetros de acumulaci\u00f3n en HMO"},"content":{"rendered":"<p>Hermosillo, Sonora. El secretario del Ayuntamiento, Eduardo Acu\u00f1a, inform\u00f3 que la lluvia extraordinaria registrada la noche del martes y madrugada del mi\u00e9rcoles dej\u00f3 acumulados hist\u00f3ricos de hasta 83 mil\u00edmetros en distintos sectores de Hermosillo, con inundaciones, ca\u00edda de \u00e1rboles y afectaciones viales.<\/p>\n<p>&nbsp;<\/p>\n<p>Detall\u00f3, que las colonias m\u00e1s impactadas fueron Costa del Sol, Misi\u00f3n del Sol y La Caridad, donde cuadrillas municipales realizaron limpieza y desazolve.<\/p>\n<p>&nbsp;<\/p>\n<p>\u201cEl Ayuntamiento habilit\u00f3 albergues en los Centros H\u00e1bitat Caf\u00e9 Combate, Solidaridad 1, Minitas y en el Centro Galilea de Palo Verde, en coordinaci\u00f3n con el Gobierno del Estado para disponer de m\u00e1s espacios en caso de evacuaci\u00f3n\u201d, inform\u00f3.<\/p>\n<p>&nbsp;<\/p>\n<p>Finalmente, advirti\u00f3, que las lluvias m\u00e1s intensas llegar\u00e1n el fin de semana por la post-tormenta tropical y exhort\u00f3 a extremar precauciones.<\/p>\n<p>&nbsp;<\/p>\n<p>&nbsp;<\/p>\n<p>El Dato:<\/p>\n<p>Tambi\u00e9n se registraron por estas lluvias: 29 inundaciones, cuatro \u00e1rboles ca\u00eddos, dos veh\u00edculos arrastrados y dos socavones<\/p>\n","protected":false},"excerpt":{"rendered":"<p>Hermosillo, Sonora. El secretario del Ayuntamiento, Eduardo Acu\u00f1a, inform\u00f3 que la lluvia extraordinaria registrada la noche del martes y madrugada del mi\u00e9rcoles dej\u00f3 acumulados hist\u00f3ricos de hasta 83 mil\u00edmetros en distintos sectores de Hermosillo, con inundaciones, ca\u00edda de \u00e1rboles y afectaciones viales. &nbsp; Detall\u00f3, que las colonias m\u00e1s impactadas fueron Costa del Sol, Misi\u00f3n del [&hellip;]<\/p>\n","protected":false},"author":2,"featured_media":228554,"comment_status":"closed","ping_status":"closed","sticky":false,"template":"","format":"standard","meta":{"footnotes":""},"categories":[12870,178],"tags":[12865,12869],"class_list":["post-228553","post","type-post","status-publish","format-standard","has-post-thumbnail","hentry","category-destacadas","category-local","tag-destacadas","tag-local"],"jetpack_featured_media_url":"https:\/\/rnoticias.com.mx\/Portal\/wp-content\/uploads\/2025\/09\/Lluvias-en-Hermosillo-calles-y-cruces-que-debes-evitar-por-riesgo-a-inundaciones.jpg","amp_enabled":true,"_links":{"self":[{"href":"https:\/\/rnoticias.com.mx\/Portal\/wp-json\/wp\/v2\/posts\/228553","targetHints":{"allow":["GET"]}}],"collection":[{"href":"https:\/\/rnoticias.com.mx\/Portal\/wp-json\/wp\/v2\/posts"}],"about":[{"href":"https:\/\/rnoticias.com.mx\/Portal\/wp-json\/wp\/v2\/types\/post"}],"author":[{"embeddable":true,"href":"https:\/\/rnoticias.com.mx\/Portal\/wp-json\/wp\/v2\/users\/2"}],"replies":[{"embeddable":true,"href":"https:\/\/rnoticias.com.mx\/Portal\/wp-json\/wp\/v2\/comments?post=228553"}],"version-history":[{"count":1,"href":"https:\/\/rnoticias.com.mx\/Portal\/wp-json\/wp\/v2\/posts\/228553\/revisions"}],"predecessor-version":[{"id":228555,"href":"https:\/\/rnoticias.com.mx\/Portal\/wp-json\/wp\/v2\/posts\/228553\/revisions\/228555"}],"wp:featuredmedia":[{"embeddable":true,"href":"https:\/\/rnoticias.com.mx\/Portal\/wp-json\/wp\/v2\/media\/228554"}],"wp:attachment":[{"href":"https:\/\/rnoticias.com.mx\/Portal\/wp-json\/wp\/v2\/media?parent=228553"}],"wp:term":[{"taxonomy":"category","embeddable":true,"href":"https:\/\/rnoticias.com.mx\/Portal\/wp-json\/wp\/v2\/categories?post=228553"},{"taxonomy":"post_tag","embeddable":true,"href":"https:\/\/rnoticias.com.mx\/Portal\/wp-json\/wp\/v2\/tags?post=228553"}],"curies":[{"name":"wp","href":"https:\/\/api.w.org\/{rel}","templated":true}]}}