{"id":228535,"date":"2025-09-03T16:53:33","date_gmt":"2025-09-03T23:53:33","guid":{"rendered":"https:\/\/rnoticias.com.mx\/Portal\/?p=228535"},"modified":"2025-09-03T16:53:33","modified_gmt":"2025-09-03T23:53:33","slug":"pronostican-lluvias-intensas-en-sonora-por-huracan-lorena-y-monzon-mexicano","status":"publish","type":"post","link":"https:\/\/rnoticias.com.mx\/Portal\/2025\/09\/03\/pronostican-lluvias-intensas-en-sonora-por-huracan-lorena-y-monzon-mexicano\/","title":{"rendered":"Pronostican lluvias intensas en Sonora por hurac\u00e1n Lorena y monz\u00f3n mexicano"},"content":{"rendered":"<p>Hermosillo, Sonora. El estado de Sonora se prepara para varios d\u00edas de lluvias intensas como resultado de la interacci\u00f3n entre el monz\u00f3n mexicano y la humedad generada por el hurac\u00e1n \u201cLorena\u201d, inform\u00f3 Gilberto Lagarda V\u00e1zquez, especialista t\u00e9cnico de la Comisi\u00f3n Nacional del Agua (Conagua).<\/p>\n<p>&nbsp;<\/p>\n<p>Mencion\u00f3, que aunque \u201cLorena\u201d se ubica a unos 165 kil\u00f3metros de Cabo San Lucas, sus efectos se extienden hacia el norte del pa\u00eds, incrementando la humedad en la atm\u00f3sfera y fortaleciendo las condiciones de lluvia en la regi\u00f3n.<\/p>\n<p>&nbsp;<\/p>\n<p>\u201cEste fen\u00f3meno, combinado con el monz\u00f3n de verano, provocar\u00e1 precipitaciones que podr\u00edan extenderse hasta el viernes. Adem\u00e1s de la lluvia, estas condiciones traer\u00e1n un descenso en las temperaturas, principalmente en las m\u00e1ximas. Podr\u00edamos tener valores por debajo de los 40 e incluso 35 grados, debido a la persistencia de nublados en gran parte del estado\u201d, se\u00f1al\u00f3.<\/p>\n<p>&nbsp;<\/p>\n<p>Igualmente, solicit\u00f3 a la poblaci\u00f3n a mantenerse informada y seguir las recomendaciones de protecci\u00f3n civil, ante la probabilidad de lluvias fuertes y posibles afectaciones en pr\u00f3ximas horas en distintas zonas de Sonora.<\/p>\n","protected":false},"excerpt":{"rendered":"<p>Hermosillo, Sonora. El estado de Sonora se prepara para varios d\u00edas de lluvias intensas como resultado de la interacci\u00f3n entre el monz\u00f3n mexicano y la humedad generada por el hurac\u00e1n \u201cLorena\u201d, inform\u00f3 Gilberto Lagarda V\u00e1zquez, especialista t\u00e9cnico de la Comisi\u00f3n Nacional del Agua (Conagua). &nbsp; Mencion\u00f3, que aunque \u201cLorena\u201d se ubica a unos 165 kil\u00f3metros [&hellip;]<\/p>\n","protected":false},"author":2,"featured_media":228536,"comment_status":"closed","ping_status":"closed","sticky":false,"template":"","format":"standard","meta":{"footnotes":""},"categories":[12870,178],"tags":[12865,12869],"class_list":["post-228535","post","type-post","status-publish","format-standard","has-post-thumbnail","hentry","category-destacadas","category-local","tag-destacadas","tag-local"],"jetpack_featured_media_url":"https:\/\/rnoticias.com.mx\/Portal\/wp-content\/uploads\/2025\/09\/Lluvias-7.jpeg","amp_enabled":true,"_links":{"self":[{"href":"https:\/\/rnoticias.com.mx\/Portal\/wp-json\/wp\/v2\/posts\/228535","targetHints":{"allow":["GET"]}}],"collection":[{"href":"https:\/\/rnoticias.com.mx\/Portal\/wp-json\/wp\/v2\/posts"}],"about":[{"href":"https:\/\/rnoticias.com.mx\/Portal\/wp-json\/wp\/v2\/types\/post"}],"author":[{"embeddable":true,"href":"https:\/\/rnoticias.com.mx\/Portal\/wp-json\/wp\/v2\/users\/2"}],"replies":[{"embeddable":true,"href":"https:\/\/rnoticias.com.mx\/Portal\/wp-json\/wp\/v2\/comments?post=228535"}],"version-history":[{"count":1,"href":"https:\/\/rnoticias.com.mx\/Portal\/wp-json\/wp\/v2\/posts\/228535\/revisions"}],"predecessor-version":[{"id":228537,"href":"https:\/\/rnoticias.com.mx\/Portal\/wp-json\/wp\/v2\/posts\/228535\/revisions\/228537"}],"wp:featuredmedia":[{"embeddable":true,"href":"https:\/\/rnoticias.com.mx\/Portal\/wp-json\/wp\/v2\/media\/228536"}],"wp:attachment":[{"href":"https:\/\/rnoticias.com.mx\/Portal\/wp-json\/wp\/v2\/media?parent=228535"}],"wp:term":[{"taxonomy":"category","embeddable":true,"href":"https:\/\/rnoticias.com.mx\/Portal\/wp-json\/wp\/v2\/categories?post=228535"},{"taxonomy":"post_tag","embeddable":true,"href":"https:\/\/rnoticias.com.mx\/Portal\/wp-json\/wp\/v2\/tags?post=228535"}],"curies":[{"name":"wp","href":"https:\/\/api.w.org\/{rel}","templated":true}]}}