{"id":228529,"date":"2025-09-03T16:49:49","date_gmt":"2025-09-03T23:49:49","guid":{"rendered":"https:\/\/rnoticias.com.mx\/Portal\/?p=228529"},"modified":"2025-09-03T16:49:49","modified_gmt":"2025-09-03T23:49:49","slug":"unison-suspende-actividades-en-todo-sonora-por-paso-del-huracan-lorena","status":"publish","type":"post","link":"https:\/\/rnoticias.com.mx\/Portal\/2025\/09\/03\/unison-suspende-actividades-en-todo-sonora-por-paso-del-huracan-lorena\/","title":{"rendered":"Unison suspende actividades en todo Sonora por paso del hurac\u00e1n \u201cLorena\u201d"},"content":{"rendered":"<p>Hermosillo, Sonora. La Universidad de Sonora (Unison) anunci\u00f3 la suspensi\u00f3n de clases y labores administrativas en sus seis campus, desde el turno vespertino del mi\u00e9rcoles y durante los d\u00edas jueves 4 y viernes 5 de septiembre, ante la llegada del hurac\u00e1n \u201cLorena\u201d.<\/p>\n<p>&nbsp;<\/p>\n<p>La decisi\u00f3n responde a las recomendaciones emitidas por Protecci\u00f3n Civil, con el objetivo de proteger a la comunidad universitaria ante los efectos del fen\u00f3meno meteorol\u00f3gico, que generar\u00e1 lluvias intensas, vientos fuertes e incluso posibles inundaciones en la regi\u00f3n.<\/p>\n<p>&nbsp;<\/p>\n<p>\u201cLorena\u201d, hurac\u00e1n categor\u00eda 1, se localiza al suroeste de Baja California Sur con vientos sostenidos de 120 km\/h. Se prev\u00e9 que toque tierra en Sonora como depresi\u00f3n tropical el 7 de septiembre, seg\u00fan el SMN y el NHC de EE.UU.<\/p>\n<p>&nbsp;<\/p>\n<p>La rector\u00eda pidi\u00f3 a estudiantes y personal mantenerse informados por medios oficiales y atender las indicaciones de seguridad. Por su parte, la Secretar\u00eda de Educaci\u00f3n y Cultura tambi\u00e9n cancel\u00f3 clases en todos los niveles educativos de los 72 municipios del estado.<\/p>\n<p>&nbsp;<\/p>\n","protected":false},"excerpt":{"rendered":"<p>Hermosillo, Sonora. La Universidad de Sonora (Unison) anunci\u00f3 la suspensi\u00f3n de clases y labores administrativas en sus seis campus, desde el turno vespertino del mi\u00e9rcoles y durante los d\u00edas jueves 4 y viernes 5 de septiembre, ante la llegada del hurac\u00e1n \u201cLorena\u201d. &nbsp; La decisi\u00f3n responde a las recomendaciones emitidas por Protecci\u00f3n Civil, con el [&hellip;]<\/p>\n","protected":false},"author":2,"featured_media":228530,"comment_status":"closed","ping_status":"closed","sticky":false,"template":"","format":"standard","meta":{"footnotes":""},"categories":[12870,178],"tags":[12865,12869],"class_list":["post-228529","post","type-post","status-publish","format-standard","has-post-thumbnail","hentry","category-destacadas","category-local","tag-destacadas","tag-local"],"jetpack_featured_media_url":"https:\/\/rnoticias.com.mx\/Portal\/wp-content\/uploads\/2025\/09\/Suspension-Labores-Universidad-Sonora-Soceidad-Alumnos.webp","amp_enabled":true,"_links":{"self":[{"href":"https:\/\/rnoticias.com.mx\/Portal\/wp-json\/wp\/v2\/posts\/228529","targetHints":{"allow":["GET"]}}],"collection":[{"href":"https:\/\/rnoticias.com.mx\/Portal\/wp-json\/wp\/v2\/posts"}],"about":[{"href":"https:\/\/rnoticias.com.mx\/Portal\/wp-json\/wp\/v2\/types\/post"}],"author":[{"embeddable":true,"href":"https:\/\/rnoticias.com.mx\/Portal\/wp-json\/wp\/v2\/users\/2"}],"replies":[{"embeddable":true,"href":"https:\/\/rnoticias.com.mx\/Portal\/wp-json\/wp\/v2\/comments?post=228529"}],"version-history":[{"count":1,"href":"https:\/\/rnoticias.com.mx\/Portal\/wp-json\/wp\/v2\/posts\/228529\/revisions"}],"predecessor-version":[{"id":228531,"href":"https:\/\/rnoticias.com.mx\/Portal\/wp-json\/wp\/v2\/posts\/228529\/revisions\/228531"}],"wp:featuredmedia":[{"embeddable":true,"href":"https:\/\/rnoticias.com.mx\/Portal\/wp-json\/wp\/v2\/media\/228530"}],"wp:attachment":[{"href":"https:\/\/rnoticias.com.mx\/Portal\/wp-json\/wp\/v2\/media?parent=228529"}],"wp:term":[{"taxonomy":"category","embeddable":true,"href":"https:\/\/rnoticias.com.mx\/Portal\/wp-json\/wp\/v2\/categories?post=228529"},{"taxonomy":"post_tag","embeddable":true,"href":"https:\/\/rnoticias.com.mx\/Portal\/wp-json\/wp\/v2\/tags?post=228529"}],"curies":[{"name":"wp","href":"https:\/\/api.w.org\/{rel}","templated":true}]}}