{"id":228523,"date":"2025-09-03T16:42:49","date_gmt":"2025-09-03T23:42:49","guid":{"rendered":"https:\/\/rnoticias.com.mx\/Portal\/?p=228523"},"modified":"2025-09-03T16:42:49","modified_gmt":"2025-09-03T23:42:49","slug":"crecen-apoyos-de-sader-y-llegan-a-mas-productores-en-sonora","status":"publish","type":"post","link":"https:\/\/rnoticias.com.mx\/Portal\/2025\/09\/03\/crecen-apoyos-de-sader-y-llegan-a-mas-productores-en-sonora\/","title":{"rendered":"Crecen apoyos de Sader y llegan a m\u00e1s productores en Sonora"},"content":{"rendered":"<p>Hermosillo, Sonora. La Secretar\u00eda de Agricultura y Desarrollo Rural (Sader) ampli\u00f3 su padr\u00f3n de beneficiarios en Sonora, incorporando casi siete mil productores m\u00e1s y alcanzando un total cercano a 12 mil.<\/p>\n<p>&nbsp;<\/p>\n<p>Juan Gonz\u00e1lez Alvarado, delegado de la dependencia, destac\u00f3 que esta medida ha sido bien recibida por las familias del campo y que se mantiene comunicaci\u00f3n directa con los productores a trav\u00e9s de reuniones distritales y el consejo estatal de desarrollo rural.<\/p>\n<p>&nbsp;<\/p>\n<p>\u201cEl programa opera ya en 58 municipios y, tras concluir la primera fase de entregas, iniciar\u00e1 la segunda con el padr\u00f3n actualizado. Los resultados que hemos obtenido son producto del trabajo coordinado entre el gobernador de Sonora y autoridades federales, como Julio Berdegu\u00e9 y Leonel Cota\u201d, dijo.<\/p>\n<p>&nbsp;<\/p>\n<p>Precis\u00f3, que de desde enero se han realizado cerca de 900 asambleas en distintas comunidades y se instalaron 72 consejos municipales de desarrollo rural, con la participaci\u00f3n de presidentes municipales, l\u00edderes agr\u00edcolas, ganaderos, pesqueros y acu\u00edcolas, as\u00ed como productores de todos los tama\u00f1os, para atender inquietudes y plantear gestiones directamente a la Sader.<\/p>\n<p>&nbsp;<\/p>\n<p>\u201cA la fecha la superficie atendida en Sonora creci\u00f3 de 10 mil a 23 mil hect\u00e1reas\u201d, finaliz\u00f3.<\/p>\n","protected":false},"excerpt":{"rendered":"<p>Hermosillo, Sonora. La Secretar\u00eda de Agricultura y Desarrollo Rural (Sader) ampli\u00f3 su padr\u00f3n de beneficiarios en Sonora, incorporando casi siete mil productores m\u00e1s y alcanzando un total cercano a 12 mil. &nbsp; Juan Gonz\u00e1lez Alvarado, delegado de la dependencia, destac\u00f3 que esta medida ha sido bien recibida por las familias del campo y que se [&hellip;]<\/p>\n","protected":false},"author":2,"featured_media":228524,"comment_status":"closed","ping_status":"closed","sticky":false,"template":"","format":"standard","meta":{"footnotes":""},"categories":[12870,178],"tags":[12865,12869],"class_list":["post-228523","post","type-post","status-publish","format-standard","has-post-thumbnail","hentry","category-destacadas","category-local","tag-destacadas","tag-local"],"jetpack_featured_media_url":"https:\/\/rnoticias.com.mx\/Portal\/wp-content\/uploads\/2025\/09\/post_220400_AGRICULTURA_AHORRO_DE_ENERGI_A_EN_RIEGO-1.jpg","amp_enabled":true,"_links":{"self":[{"href":"https:\/\/rnoticias.com.mx\/Portal\/wp-json\/wp\/v2\/posts\/228523","targetHints":{"allow":["GET"]}}],"collection":[{"href":"https:\/\/rnoticias.com.mx\/Portal\/wp-json\/wp\/v2\/posts"}],"about":[{"href":"https:\/\/rnoticias.com.mx\/Portal\/wp-json\/wp\/v2\/types\/post"}],"author":[{"embeddable":true,"href":"https:\/\/rnoticias.com.mx\/Portal\/wp-json\/wp\/v2\/users\/2"}],"replies":[{"embeddable":true,"href":"https:\/\/rnoticias.com.mx\/Portal\/wp-json\/wp\/v2\/comments?post=228523"}],"version-history":[{"count":1,"href":"https:\/\/rnoticias.com.mx\/Portal\/wp-json\/wp\/v2\/posts\/228523\/revisions"}],"predecessor-version":[{"id":228525,"href":"https:\/\/rnoticias.com.mx\/Portal\/wp-json\/wp\/v2\/posts\/228523\/revisions\/228525"}],"wp:featuredmedia":[{"embeddable":true,"href":"https:\/\/rnoticias.com.mx\/Portal\/wp-json\/wp\/v2\/media\/228524"}],"wp:attachment":[{"href":"https:\/\/rnoticias.com.mx\/Portal\/wp-json\/wp\/v2\/media?parent=228523"}],"wp:term":[{"taxonomy":"category","embeddable":true,"href":"https:\/\/rnoticias.com.mx\/Portal\/wp-json\/wp\/v2\/categories?post=228523"},{"taxonomy":"post_tag","embeddable":true,"href":"https:\/\/rnoticias.com.mx\/Portal\/wp-json\/wp\/v2\/tags?post=228523"}],"curies":[{"name":"wp","href":"https:\/\/api.w.org\/{rel}","templated":true}]}}