{"id":228518,"date":"2025-09-02T20:24:22","date_gmt":"2025-09-03T03:24:22","guid":{"rendered":"https:\/\/rnoticias.com.mx\/Portal\/?p=228518"},"modified":"2025-09-02T20:24:22","modified_gmt":"2025-09-03T03:24:22","slug":"la-educacion-es-el-motor-de-la-transformacion-lorenia-valles","status":"publish","type":"post","link":"https:\/\/rnoticias.com.mx\/Portal\/2025\/09\/02\/la-educacion-es-el-motor-de-la-transformacion-lorenia-valles\/","title":{"rendered":"La educaci\u00f3n es el motor de la transformaci\u00f3n: Lorenia Valles"},"content":{"rendered":"<p>\u201cLa educaci\u00f3n es el motor de la transformaci\u00f3n social, pues de ella depende el desarrollo de las ni\u00f1as y los ni\u00f1os, el bienestar de los hogares, as\u00ed como el crecimiento de Sonora y de M\u00e9xico\u201d, afirm\u00f3 la senadora Lorenia Valles.<\/p>\n<p>\u201cEste lunes 1 de septiembre, m\u00e1s de 500 mil ni\u00f1as, ni\u00f1os y adolescentes sonorenses de educaci\u00f3n b\u00e1sica p\u00fablica y privada comenzaron el ciclo escolar 2025-2026. Las familias est\u00e1n tranquilas porque no faltar\u00e1n las becas, ni los uniformes y los \u00fatiles escolares gratuitos en las escuelas p\u00fablicas, ya que la presidenta Claudia Sheinbaum y el gobernador Alfonso Durazo convirtieron estos beneficios en derechos.\u201d<\/p>\n<p>\u201cAhora, pueden acceder a la beca universal \u2018Rita Cetina\u2019 del Gobierno de M\u00e9xico, al apoyo para ni\u00f1as y ni\u00f1os hijos de madres trabajadoras, as\u00ed como al programa de becas del Gobierno de Sonora. Adicionalmente, con el programa La Escuela es Nuestra se est\u00e1n mejorando las instalaciones de las escuelas. Estas acciones demuestran que la educaci\u00f3n p\u00fablica es una prioridad de la Cuarta Transformaci\u00f3n\u201d, manifest\u00f3 la legisladora sonorense.<\/p>\n<p>Mencion\u00f3 que el Senado de la Rep\u00fablica est\u00e1 haciendo efectivo el derecho a la educaci\u00f3n, contribuyendo a garantizar la excelencia educativa desde la etapa inicial, como establece la Constituci\u00f3n. Agreg\u00f3 que, recientemente, present\u00f3 una iniciativa de reforma a la Ley General de Educaci\u00f3n para incluir la salud mental como parte de los planes de estudio.<\/p>\n<p>Finalmente, Valles Sampedro dijo que se est\u00e1 trabajando para asegurar que las ni\u00f1as y las adolescentes asistan a la escuela y concluyan plenamente sus estudios:<\/p>\n<p>\u201cEs tiempo de mujeres y la mejor forma de hacerlo valer es trabajando por un pa\u00eds m\u00e1s igualitario, donde las ni\u00f1as y las adolescentes vayan a la escuela y hagan sus sue\u00f1os realidad; que puedan ser lo que quieran, maestras, cient\u00edficas, abogadas, doctoras, presidentas de la Rep\u00fablica\u2026 De eso se trata la igualdad sustantiva, que las mujeres accedamos a los mismos derechos y oportunidades.\u201d<\/p>\n","protected":false},"excerpt":{"rendered":"<p>\u201cLa educaci\u00f3n es el motor de la transformaci\u00f3n social, pues de ella depende el desarrollo de las ni\u00f1as y los ni\u00f1os, el bienestar de los hogares, as\u00ed como el crecimiento de Sonora y de M\u00e9xico\u201d, afirm\u00f3 la senadora Lorenia Valles. \u201cEste lunes 1 de septiembre, m\u00e1s de 500 mil ni\u00f1as, ni\u00f1os y adolescentes sonorenses de [&hellip;]<\/p>\n","protected":false},"author":2,"featured_media":228519,"comment_status":"closed","ping_status":"closed","sticky":false,"template":"","format":"standard","meta":{"footnotes":""},"categories":[12870,12868],"tags":[12865,12879],"class_list":["post-228518","post","type-post","status-publish","format-standard","has-post-thumbnail","hentry","category-destacadas","category-politica","tag-destacadas","tag-politica"],"jetpack_featured_media_url":"https:\/\/rnoticias.com.mx\/Portal\/wp-content\/uploads\/2025\/09\/6d0defbd-975f-4227-aa1f-1248a636d11c-scaled.jpg","amp_enabled":true,"_links":{"self":[{"href":"https:\/\/rnoticias.com.mx\/Portal\/wp-json\/wp\/v2\/posts\/228518","targetHints":{"allow":["GET"]}}],"collection":[{"href":"https:\/\/rnoticias.com.mx\/Portal\/wp-json\/wp\/v2\/posts"}],"about":[{"href":"https:\/\/rnoticias.com.mx\/Portal\/wp-json\/wp\/v2\/types\/post"}],"author":[{"embeddable":true,"href":"https:\/\/rnoticias.com.mx\/Portal\/wp-json\/wp\/v2\/users\/2"}],"replies":[{"embeddable":true,"href":"https:\/\/rnoticias.com.mx\/Portal\/wp-json\/wp\/v2\/comments?post=228518"}],"version-history":[{"count":1,"href":"https:\/\/rnoticias.com.mx\/Portal\/wp-json\/wp\/v2\/posts\/228518\/revisions"}],"predecessor-version":[{"id":228520,"href":"https:\/\/rnoticias.com.mx\/Portal\/wp-json\/wp\/v2\/posts\/228518\/revisions\/228520"}],"wp:featuredmedia":[{"embeddable":true,"href":"https:\/\/rnoticias.com.mx\/Portal\/wp-json\/wp\/v2\/media\/228519"}],"wp:attachment":[{"href":"https:\/\/rnoticias.com.mx\/Portal\/wp-json\/wp\/v2\/media?parent=228518"}],"wp:term":[{"taxonomy":"category","embeddable":true,"href":"https:\/\/rnoticias.com.mx\/Portal\/wp-json\/wp\/v2\/categories?post=228518"},{"taxonomy":"post_tag","embeddable":true,"href":"https:\/\/rnoticias.com.mx\/Portal\/wp-json\/wp\/v2\/tags?post=228518"}],"curies":[{"name":"wp","href":"https:\/\/api.w.org\/{rel}","templated":true}]}}