{"id":228508,"date":"2025-09-02T20:07:00","date_gmt":"2025-09-03T03:07:00","guid":{"rendered":"https:\/\/rnoticias.com.mx\/Portal\/?p=228508"},"modified":"2025-09-02T20:07:00","modified_gmt":"2025-09-03T03:07:00","slug":"recibe-sujeto-37-anos-de-prision-por-delitos-de-violacion-y-abuso-sexual-en-guaymas","status":"publish","type":"post","link":"https:\/\/rnoticias.com.mx\/Portal\/2025\/09\/02\/recibe-sujeto-37-anos-de-prision-por-delitos-de-violacion-y-abuso-sexual-en-guaymas\/","title":{"rendered":"Recibe sujeto 37 a\u00f1os de prisi\u00f3n por delitos de violaci\u00f3n y abuso sexual en Guaymas"},"content":{"rendered":"<p>Guaymas, Sonora, 31 de agosto de 2025.- La Fiscal\u00eda General de Justicia del Estado de Sonora (FGJES) obtuvo una sentencia ejemplar de 37 a\u00f1os de prisi\u00f3n en contra de Adri\u00e1n Emir \u201cN\u201d, de 35 a\u00f1os, por los delitos de violaci\u00f3n agravada y abuso sexual agravado reiterado, en perjuicio de una persona menor de edad de identidad reservada, en Guaymas<\/p>\n<p>El fallo condenatorio se alcanz\u00f3 mediante la v\u00eda del procedimiento abreviado, lo que permiti\u00f3 dar certeza y justicia con prontitud a la v\u00edctima, garantizando el derecho a la verdad y la reparaci\u00f3n integral del da\u00f1o, con enfoque prioritario en la protecci\u00f3n de la ni\u00f1ez.<\/p>\n<p>Este resultado refleja la labor profesional del personal ministerial, pericial y policial de la FGJES, quienes actuaron con sensibilidad y rigor en la integraci\u00f3n de la carpeta de investigaci\u00f3n, asegurando que el responsable reciba el castigo proporcional a la gravedad de sus actos.<\/p>\n<p>Los hechos los cometi\u00f3 el sujeto de noviembre 2022 a enero de 2025, al vulnerar la integridad de la v\u00edctima por tener afinidad de primer grado. Derivado de los hechos, la ni\u00f1a qued\u00f3 bajo resguardo de las autoridades del personal del Desarrollo Integral para la Familia (DIF).<\/p>\n<p>La FGJES refrenda su s\u00f3lido compromiso de proteger a la ni\u00f1ez sonorense, investigar y sancionar con firmeza cualquier agresi\u00f3n en su contra, y continuar con acciones permanentes para garantizar un entorno de seguridad, justicia y respeto a los derechos de las y los menores.<\/p>\n","protected":false},"excerpt":{"rendered":"<p>Guaymas, Sonora, 31 de agosto de 2025.- La Fiscal\u00eda General de Justicia del Estado de Sonora (FGJES) obtuvo una sentencia ejemplar de 37 a\u00f1os de prisi\u00f3n en contra de Adri\u00e1n Emir \u201cN\u201d, de 35 a\u00f1os, por los delitos de violaci\u00f3n agravada y abuso sexual agravado reiterado, en perjuicio de una persona menor de edad de [&hellip;]<\/p>\n","protected":false},"author":2,"featured_media":228509,"comment_status":"closed","ping_status":"closed","sticky":false,"template":"","format":"standard","meta":{"footnotes":""},"categories":[12870,174],"tags":[12865,12873],"class_list":["post-228508","post","type-post","status-publish","format-standard","has-post-thumbnail","hentry","category-destacadas","category-estatal","tag-destacadas","tag-estatal"],"jetpack_featured_media_url":"https:\/\/rnoticias.com.mx\/Portal\/wp-content\/uploads\/2025\/09\/23dbc0f5-0c79-4448-9898-b40173276daf.jpg","amp_enabled":true,"_links":{"self":[{"href":"https:\/\/rnoticias.com.mx\/Portal\/wp-json\/wp\/v2\/posts\/228508","targetHints":{"allow":["GET"]}}],"collection":[{"href":"https:\/\/rnoticias.com.mx\/Portal\/wp-json\/wp\/v2\/posts"}],"about":[{"href":"https:\/\/rnoticias.com.mx\/Portal\/wp-json\/wp\/v2\/types\/post"}],"author":[{"embeddable":true,"href":"https:\/\/rnoticias.com.mx\/Portal\/wp-json\/wp\/v2\/users\/2"}],"replies":[{"embeddable":true,"href":"https:\/\/rnoticias.com.mx\/Portal\/wp-json\/wp\/v2\/comments?post=228508"}],"version-history":[{"count":1,"href":"https:\/\/rnoticias.com.mx\/Portal\/wp-json\/wp\/v2\/posts\/228508\/revisions"}],"predecessor-version":[{"id":228510,"href":"https:\/\/rnoticias.com.mx\/Portal\/wp-json\/wp\/v2\/posts\/228508\/revisions\/228510"}],"wp:featuredmedia":[{"embeddable":true,"href":"https:\/\/rnoticias.com.mx\/Portal\/wp-json\/wp\/v2\/media\/228509"}],"wp:attachment":[{"href":"https:\/\/rnoticias.com.mx\/Portal\/wp-json\/wp\/v2\/media?parent=228508"}],"wp:term":[{"taxonomy":"category","embeddable":true,"href":"https:\/\/rnoticias.com.mx\/Portal\/wp-json\/wp\/v2\/categories?post=228508"},{"taxonomy":"post_tag","embeddable":true,"href":"https:\/\/rnoticias.com.mx\/Portal\/wp-json\/wp\/v2\/tags?post=228508"}],"curies":[{"name":"wp","href":"https:\/\/api.w.org\/{rel}","templated":true}]}}