{"id":228499,"date":"2025-09-02T20:02:19","date_gmt":"2025-09-03T03:02:19","guid":{"rendered":"https:\/\/rnoticias.com.mx\/Portal\/?p=228499"},"modified":"2025-09-02T20:02:19","modified_gmt":"2025-09-03T03:02:19","slug":"sujeto-es-imputado-por-los-delitos-de-homicidio-y-homicidio-en-grado-de-tentativa-en-perjuicio-de-dos-menores","status":"publish","type":"post","link":"https:\/\/rnoticias.com.mx\/Portal\/2025\/09\/02\/sujeto-es-imputado-por-los-delitos-de-homicidio-y-homicidio-en-grado-de-tentativa-en-perjuicio-de-dos-menores\/","title":{"rendered":"Sujeto es imputado por los delitos de homicidio y homicidio en grado de tentativa en perjuicio de dos menores"},"content":{"rendered":"<p>Cajeme, Sonora, 2 de septiembre de 2025.- La Fiscal\u00eda General de Justicia del Estado de Sonora (FGJES), formul\u00f3 imputaci\u00f3n en contra de Jes\u00fas Rafael &#8220;N&#8221;, de 26 a\u00f1os, se\u00f1alado como probable responsable de los delitos de homicidio calificado, as\u00ed como homicidio calificado en grado de tentativa en perjuicio de dos menores de edad, esto despu\u00e9s de ser capturado en Baja California Sur en colaboraci\u00f3n entre la Agencia Ministerial de Investigaci\u00f3n Criminal y autoridades de ese estado.<\/p>\n<p>Los hechos que se le imputan ocurrieron el 6 de diciembre de 2024, en la cancha de f\u00fatbol ubicada en la colonia Mat\u00edas M\u00e9ndez, en Ciudad Obreg\u00f3n, Sonora, donde, seg\u00fan la investigaci\u00f3n, las v\u00edctimas, dos menores de edad de 14 y 15 a\u00f1os se encontraban en el lugar y fueron atacados con armas de fuego por parte de un grupo armado integrado por el imputado y al menos dos copart\u00edcipes.<\/p>\n<p>Durante el hecho, el menor de 15 a\u00f1os falleci\u00f3, mientras que el de 14 a\u00f1os result\u00f3 gravemente lesionado y fue trasladado a un hospital para recibir atenci\u00f3n m\u00e9dica; el m\u00f3vil del ataque estar\u00eda relacionado con disputas por narcomenudeo, de acuerdo con las l\u00edneas de investigaci\u00f3n desarrolladas por las autoridades.<\/p>\n<p>La detenci\u00f3n de Jes\u00fas Rafael &#8220;N&#8221; se realiz\u00f3 en cumplimiento a una orden de aprehensi\u00f3n emitida por las autoridades competentes, derivada de una solicitud de colaboraci\u00f3n enviada a la FGJE de Baja California Sur, siendo posible este operativo en coordinaci\u00f3n de efectivos de la Agencia Estatal de Investigaci\u00f3n Criminal (AEIC) de BCS y personal de la Agencia Ministerial de Investigaci\u00f3n Criminal (AMIC) de Sonora.<\/p>\n<p>Tras su captura, Jes\u00fas Rafael &#8220;N&#8221; fue imputado en audiencia ante el Juez y se le impuso la prisi\u00f3n preventiva como medida cautelar, siendo internado en un Centro de Reinserci\u00f3n Social (CERESO) a la espera de que los tribunales determinen su situaci\u00f3n jur\u00eddica.<\/p>\n","protected":false},"excerpt":{"rendered":"<p>Cajeme, Sonora, 2 de septiembre de 2025.- La Fiscal\u00eda General de Justicia del Estado de Sonora (FGJES), formul\u00f3 imputaci\u00f3n en contra de Jes\u00fas Rafael &#8220;N&#8221;, de 26 a\u00f1os, se\u00f1alado como probable responsable de los delitos de homicidio calificado, as\u00ed como homicidio calificado en grado de tentativa en perjuicio de dos menores de edad, esto despu\u00e9s [&hellip;]<\/p>\n","protected":false},"author":2,"featured_media":228500,"comment_status":"closed","ping_status":"closed","sticky":false,"template":"","format":"standard","meta":{"footnotes":""},"categories":[12870,174],"tags":[12865,12873],"class_list":["post-228499","post","type-post","status-publish","format-standard","has-post-thumbnail","hentry","category-destacadas","category-estatal","tag-destacadas","tag-estatal"],"jetpack_featured_media_url":"https:\/\/rnoticias.com.mx\/Portal\/wp-content\/uploads\/2025\/09\/a48d0c10-52fa-42be-9200-47cb8ff540e0.jpg","amp_enabled":true,"_links":{"self":[{"href":"https:\/\/rnoticias.com.mx\/Portal\/wp-json\/wp\/v2\/posts\/228499","targetHints":{"allow":["GET"]}}],"collection":[{"href":"https:\/\/rnoticias.com.mx\/Portal\/wp-json\/wp\/v2\/posts"}],"about":[{"href":"https:\/\/rnoticias.com.mx\/Portal\/wp-json\/wp\/v2\/types\/post"}],"author":[{"embeddable":true,"href":"https:\/\/rnoticias.com.mx\/Portal\/wp-json\/wp\/v2\/users\/2"}],"replies":[{"embeddable":true,"href":"https:\/\/rnoticias.com.mx\/Portal\/wp-json\/wp\/v2\/comments?post=228499"}],"version-history":[{"count":1,"href":"https:\/\/rnoticias.com.mx\/Portal\/wp-json\/wp\/v2\/posts\/228499\/revisions"}],"predecessor-version":[{"id":228501,"href":"https:\/\/rnoticias.com.mx\/Portal\/wp-json\/wp\/v2\/posts\/228499\/revisions\/228501"}],"wp:featuredmedia":[{"embeddable":true,"href":"https:\/\/rnoticias.com.mx\/Portal\/wp-json\/wp\/v2\/media\/228500"}],"wp:attachment":[{"href":"https:\/\/rnoticias.com.mx\/Portal\/wp-json\/wp\/v2\/media?parent=228499"}],"wp:term":[{"taxonomy":"category","embeddable":true,"href":"https:\/\/rnoticias.com.mx\/Portal\/wp-json\/wp\/v2\/categories?post=228499"},{"taxonomy":"post_tag","embeddable":true,"href":"https:\/\/rnoticias.com.mx\/Portal\/wp-json\/wp\/v2\/tags?post=228499"}],"curies":[{"name":"wp","href":"https:\/\/api.w.org\/{rel}","templated":true}]}}