{"id":228493,"date":"2025-09-02T19:49:47","date_gmt":"2025-09-03T02:49:47","guid":{"rendered":"https:\/\/rnoticias.com.mx\/Portal\/?p=228493"},"modified":"2025-09-02T19:49:47","modified_gmt":"2025-09-03T02:49:47","slug":"gobierno-de-sonora-alerta-por-efectos-de-la-tormenta-tropical-lorena","status":"publish","type":"post","link":"https:\/\/rnoticias.com.mx\/Portal\/2025\/09\/02\/gobierno-de-sonora-alerta-por-efectos-de-la-tormenta-tropical-lorena\/","title":{"rendered":"Gobierno de Sonora alerta por efectos de la Tormenta Tropical Lorena"},"content":{"rendered":"<p>Hermosillo, Sonora; 2 de septiembre de 2025.- El Gobierno de Sonora, a trav\u00e9s de la Coordinaci\u00f3n Estatal de Protecci\u00f3n Civil (CEPC), informa que la presencia de la Tormenta Tropical Lorena en el Oc\u00e9ano Pac\u00edfico incrementar\u00e1 las probabilidades de lluvias de intensas a muy intensas en todo el territorio estatal, particularmente en la regi\u00f3n sur de la entidad, a lo largo de esta semana.<\/p>\n<p>Hoy, la depresi\u00f3n tropical Doce-E evolucion\u00f3 a tormenta tropical. Este sistema se localiza actualmente a 385 km de Manzanillo, Colima, con vientos sostenidos de 75 km\/h y rachas de hasta 95 km\/h. Se desplaza hacia el noroeste a 22 km\/h y se prev\u00e9 que contin\u00fae su acercamiento hacia las costas de Baja California Sur.<\/p>\n<p>El sistema muestra un posible debilitamiento al cruzar la pen\u00ednsula de Baja California, con pron\u00f3stico de degradarse a depresi\u00f3n tropical durante el viernes en el Golfo de California.<\/p>\n<p>Este fen\u00f3meno reforzar\u00e1 los pron\u00f3sticos de lluvias en Sonora, donde adem\u00e1s persistir\u00e1n los efectos del monz\u00f3n mexicano, que en interacci\u00f3n con una vaguada en altura y una divergencia, ocasionar\u00e1 tormentas el\u00e9ctricas con lluvias de fuertes a muy fuertes (75 a 150 mm), acompa\u00f1adas de rachas de viento superiores a 80 km\/h en las regiones oriente, sur, norte, nororiente y centro, principalmente durante las tardes y noches.<\/p>\n<p>Armando Casta\u00f1eda S\u00e1nchez, coordinador estatal de Protecci\u00f3n Civil, hizo un llamado a la poblaci\u00f3n a mantener las medidas preventivas ante la presencia de tormentas durante toda esta semana.<\/p>\n<p>Recomendaciones ante lluvias y tormentas:<\/p>\n<p>\u2022 Resguardarse en un lugar seguro durante la presencia de tormentas.<\/p>\n<p>\u2022 Evitar cruzar r\u00edos, arroyos o zonas con encharcamientos.<\/p>\n<p>\u2022 Revisar las condiciones de los desag\u00fces en el hogar.<\/p>\n<p>\u2022 No tirar basura en calles, ya que puede provocar inundaciones al tapar alcantarillas y arroyos.<\/p>\n<p>\u2022 Mantenerse informado a trav\u00e9s de fuentes oficiales como la Comisi\u00f3n Nacional del Agua y las autoridades de Protecci\u00f3n Civil.<\/p>\n","protected":false},"excerpt":{"rendered":"<p>Hermosillo, Sonora; 2 de septiembre de 2025.- El Gobierno de Sonora, a trav\u00e9s de la Coordinaci\u00f3n Estatal de Protecci\u00f3n Civil (CEPC), informa que la presencia de la Tormenta Tropical Lorena en el Oc\u00e9ano Pac\u00edfico incrementar\u00e1 las probabilidades de lluvias de intensas a muy intensas en todo el territorio estatal, particularmente en la regi\u00f3n sur de [&hellip;]<\/p>\n","protected":false},"author":2,"featured_media":228494,"comment_status":"closed","ping_status":"closed","sticky":false,"template":"","format":"standard","meta":{"footnotes":""},"categories":[12870,174],"tags":[12865,12873],"class_list":["post-228493","post","type-post","status-publish","format-standard","has-post-thumbnail","hentry","category-destacadas","category-estatal","tag-destacadas","tag-estatal"],"jetpack_featured_media_url":"https:\/\/rnoticias.com.mx\/Portal\/wp-content\/uploads\/2025\/09\/unnamed-1-3.jpg","amp_enabled":true,"_links":{"self":[{"href":"https:\/\/rnoticias.com.mx\/Portal\/wp-json\/wp\/v2\/posts\/228493","targetHints":{"allow":["GET"]}}],"collection":[{"href":"https:\/\/rnoticias.com.mx\/Portal\/wp-json\/wp\/v2\/posts"}],"about":[{"href":"https:\/\/rnoticias.com.mx\/Portal\/wp-json\/wp\/v2\/types\/post"}],"author":[{"embeddable":true,"href":"https:\/\/rnoticias.com.mx\/Portal\/wp-json\/wp\/v2\/users\/2"}],"replies":[{"embeddable":true,"href":"https:\/\/rnoticias.com.mx\/Portal\/wp-json\/wp\/v2\/comments?post=228493"}],"version-history":[{"count":1,"href":"https:\/\/rnoticias.com.mx\/Portal\/wp-json\/wp\/v2\/posts\/228493\/revisions"}],"predecessor-version":[{"id":228495,"href":"https:\/\/rnoticias.com.mx\/Portal\/wp-json\/wp\/v2\/posts\/228493\/revisions\/228495"}],"wp:featuredmedia":[{"embeddable":true,"href":"https:\/\/rnoticias.com.mx\/Portal\/wp-json\/wp\/v2\/media\/228494"}],"wp:attachment":[{"href":"https:\/\/rnoticias.com.mx\/Portal\/wp-json\/wp\/v2\/media?parent=228493"}],"wp:term":[{"taxonomy":"category","embeddable":true,"href":"https:\/\/rnoticias.com.mx\/Portal\/wp-json\/wp\/v2\/categories?post=228493"},{"taxonomy":"post_tag","embeddable":true,"href":"https:\/\/rnoticias.com.mx\/Portal\/wp-json\/wp\/v2\/tags?post=228493"}],"curies":[{"name":"wp","href":"https:\/\/api.w.org\/{rel}","templated":true}]}}